{"id":10667,"date":"2018-07-03T10:12:24","date_gmt":"2018-07-03T10:12:24","guid":{"rendered":"https:\/\/archive.iask.hu\/?p=10667"},"modified":"2018-07-03T11:40:29","modified_gmt":"2018-07-03T11:40:29","slug":"teljes-ischaemias-ido-prognosztikus-jelentosege-az-st-elevacioval-jaro-szivinfarktus-miatt-kezelt-betegekben","status":"publish","type":"post","link":"https:\/\/archive.iask.hu\/en\/prognostic-significance-of-the-total-ischemic-time-in-patients-with-st-elevation-myocardial-infarction\/","title":{"rendered":"Prognostic significance of the total ischemic time in patients with ST-elevation myocardial infarction"},"content":{"rendered":"<p>[vc_row][vc_column][vc_column_text]<strong>Introduction<\/strong>: The significance of the total ischemic time (from the beginning of the complaint to the opening of the vessel) is an important factor for myocardial salvage.<\/p>\n<p><strong>Aim<\/strong>: The aim of the study was to determine the prognostic significance of the TIT in patients with ST elevation myocardial infarction in Hungary.<\/p>\n<p><strong>Method<\/strong>: From 1 January 2014 all patients with myocardial infarction were recorded by law in an on-line database of the Hungarian Myocardial Infarction Registry. Between 1 January 2014 and 31 March 2016, 27 157 patients with 28 408 myocardial infarction events were recorded. To investigate TIT, 7146 STEMI patients were selected who were treated with percutaneous coronary intervention (PCI) within 24 hours of the beginning of the complaint and all of its components were known.<\/p>\n<p><strong>Results<\/strong>: Average follow-up was 740 \u00b1 346 days. The median time of the TIT is 260 minutes, within which the earliest prehospital time was found (median 205 minutes). The TIT influenced survival: if this time was less than 400 minutes, the 30-day and the 1-year deaths were 7.5% and 12.2%, respectively. In longer TIT, higher mortality rate was found (9.2% versus 19.7%, respectively). Multivariate analysis was performed for short (&lt;30 days), medium\u00a0(30\u2013364 days) and long-term (\u2265365 days) survival. Diabetes mellitus is a short-term prognostic factor, abnormal creatinine, and severe coronary status have affected short and medium survival. PCI was significant in terms of medium and long-term survival. Previous myocardial infarction and TIT influenced the long-term survival significantly.<\/p>\n<p><strong>Conclusions<\/strong>: In Hungary, TIT is too long, and its dominant part falls within the prehospital period. The TIT is an independent prognostic factor, so reducing this time can improve the long-term prognosis of patients with ST-elevation myocardial infarction.<\/p>\n<p><strong>Keywords<\/strong>: ST-elevation myocardial infarction, total ischaemic time, mortality, myocardial infarction registry<\/p>\n<p>&nbsp;<\/p>\n<p>The article was published in <strong>Orvosi Hetilap, volume 159. issue 27. (pp. 1113-1120)<\/strong><\/p>\n<p>&nbsp;<\/p>\n<p><em>The journal publishes original and review papers in the fields of experimental and clinical medicine. It covers epidemiology, diagnostics, therapy and the prevention of human diseases as well as papers of medical history. This is the oldest, still in-print Hungarian publication and also the one-and-only weekly published scientific journal in Hungary. The strategy of the journal is based on the Curatorium of the Lajos Markusovszky Foundation and on the National and International Editorial Board. The 150 year-old journal is part of the Hungarian Cultural Heritage. (<a href=\"https:\/\/akademiai.com\/loi\/650\">Source<\/a>)<\/em><\/p>\n<p>&nbsp;<\/p>\n<p>[\/vc_column_text][\/vc_column][\/vc_row][vc_row][vc_column][vc_column_text]<\/p>\n<p><strong>Authors<\/strong>:<\/p>\n<p>J\u00e1nosi Andr\u00e1s dr.<\/p>\n<p>Forster Tam\u00e1s dr.<\/p>\n<p>Ungi Imre dr.<\/p>\n<p>Ofner P\u00e9ter dr.<\/p>\n<p>Andr\u00e9ka P\u00e9ter dr.<\/p>\n<p>&nbsp;<\/p>\n<p>[\/vc_column_text][\/vc_column][\/vc_row][vc_row][vc_column]<div class=\"teammember-single\"><div class=\"photo\"><a href=\"https:\/\/archive.iask.hu\/en\/people\/erdos-gergely\/\"><img loading=\"lazy\" decoding=\"async\" width=\"150\" height=\"150\" src=\"https:\/\/archive.iask.hu\/wp-content\/uploads\/2002\/07\/erdos_gergely-jpg-cut_-e1517053083894-150x150.jpg\" class=\"attachment-thumbnail size-thumbnail wp-post-image\" alt=\"\" srcset=\"https:\/\/archive.iask.hu\/wp-content\/uploads\/2002\/07\/erdos_gergely-jpg-cut_-e1517053083894-150x150.jpg 150w, https:\/\/archive.iask.hu\/wp-content\/uploads\/2002\/07\/erdos_gergely-jpg-cut_-e1517053083894-300x300.jpg 300w, https:\/\/archive.iask.hu\/wp-content\/uploads\/2002\/07\/erdos_gergely-jpg-cut_-e1517053083894-400x400.jpg 400w, https:\/\/archive.iask.hu\/wp-content\/uploads\/2002\/07\/erdos_gergely-jpg-cut_-e1517053083894-200x200.jpg 200w, https:\/\/archive.iask.hu\/wp-content\/uploads\/2002\/07\/erdos_gergely-jpg-cut_-e1517053083894.jpg 579w\" sizes=\"(max-width: 150px) 100vw, 150px\" \/><\/a><\/div><div class=\"name\"><a href=\"https:\/\/archive.iask.hu\/en\/people\/erdos-gergely\/\">Gergely Erd\u0151s<\/a><\/div><\/div>[\/vc_column][\/vc_row][vc_row][vc_column]<div class=\"teammember-single\"><div class=\"photo\"><a href=\"https:\/\/archive.iask.hu\/en\/people\/pach-ferenc-peter\/\"><img loading=\"lazy\" decoding=\"async\" width=\"150\" height=\"150\" src=\"https:\/\/archive.iask.hu\/wp-content\/uploads\/2015\/03\/bbn11-7ltbl1_600x600-e1515696154302-150x150.jpg\" class=\"attachment-thumbnail size-thumbnail wp-post-image\" alt=\"\" srcset=\"https:\/\/archive.iask.hu\/wp-content\/uploads\/2015\/03\/bbn11-7ltbl1_600x600-e1515696154302-150x150.jpg 150w, https:\/\/archive.iask.hu\/wp-content\/uploads\/2015\/03\/bbn11-7ltbl1_600x600-e1515696154302-300x300.jpg 300w, https:\/\/archive.iask.hu\/wp-content\/uploads\/2015\/03\/bbn11-7ltbl1_600x600-e1515696154302-200x200.jpg 200w, https:\/\/archive.iask.hu\/wp-content\/uploads\/2015\/03\/bbn11-7ltbl1_600x600-e1515696154302.jpg 370w\" sizes=\"(max-width: 150px) 100vw, 150px\" \/><\/a><\/div><div class=\"name\"><a href=\"https:\/\/archive.iask.hu\/en\/people\/pach-ferenc-peter\/\">Ferenc P\u00e9ter Pach<\/a><\/div><\/div>[\/vc_column][\/vc_row]<\/p>\n","protected":false},"excerpt":{"rendered":"<p>The aim of the study was to determine the prognostic significance of the TIT in patients with ST elevation myocardial infarction in Hungary.<\/p>\n","protected":false},"author":209,"featured_media":10676,"comment_status":"closed","ping_status":"closed","sticky":false,"template":"","format":"standard","meta":{"footnotes":""},"categories":[58,238],"tags":[],"yoast_head":"<!-- This site is optimized with the Yoast SEO plugin v16.7 - https:\/\/yoast.com\/wordpress\/plugins\/seo\/ -->\n<title>Prognostic significance of the total ischemic time in patients with ST-elevation myocardial infarction - iASK - Institute of Advanced Studies K\u0151szeg<\/title>\n<meta name=\"robots\" content=\"index, follow, max-snippet:-1, max-image-preview:large, max-video-preview:-1\" \/>\n<link rel=\"canonical\" href=\"https:\/\/archive.iask.hu\/hu\/a-teljes-ischaemias-ido-prognosztikus-jelentosege-az-st-elevacioval-jaro-szivinfarktus-miatt-kezelt-betegekben\/\" \/>\n<meta property=\"og:locale\" content=\"en_US\" \/>\n<meta property=\"og:type\" content=\"article\" \/>\n<meta property=\"og:title\" content=\"Prognostic significance of the total ischemic time in patients with ST-elevation myocardial infarction - iASK - Institute of Advanced Studies K\u0151szeg\" \/>\n<meta property=\"og:description\" content=\"The aim of the study was to determine the prognostic significance of the TIT in patients with ST elevation myocardial infarction in Hungary.\" \/>\n<meta property=\"og:url\" content=\"https:\/\/archive.iask.hu\/hu\/a-teljes-ischaemias-ido-prognosztikus-jelentosege-az-st-elevacioval-jaro-szivinfarktus-miatt-kezelt-betegekben\/\" \/>\n<meta property=\"og:site_name\" content=\"iASK - Institute of Advanced Studies K\u0151szeg\" \/>\n<meta property=\"article:published_time\" content=\"2018-07-03T10:12:24+00:00\" \/>\n<meta property=\"article:modified_time\" content=\"2018-07-03T11:40:29+00:00\" \/>\n<meta property=\"og:image\" content=\"http:\/\/archive.iask.hu\/wp-content\/uploads\/2018\/07\/szivinfarktus-plakat_kivagott.png\" \/>\n\t<meta property=\"og:image:width\" content=\"1233\" \/>\n\t<meta property=\"og:image:height\" content=\"810\" \/>\n<meta name=\"twitter:card\" content=\"summary_large_image\" \/>\n<meta name=\"twitter:label1\" content=\"Written by\" \/>\n\t<meta name=\"twitter:data1\" content=\"Gerg\u0151 Rozner\" \/>\n\t<meta name=\"twitter:label2\" content=\"Est. reading time\" \/>\n\t<meta name=\"twitter:data2\" content=\"2 minutes\" \/>\n<script type=\"application\/ld+json\" class=\"yoast-schema-graph\">{\"@context\":\"https:\/\/schema.org\",\"@graph\":[{\"@type\":\"WebSite\",\"@id\":\"https:\/\/archive.iask.hu\/en\/#website\",\"url\":\"https:\/\/archive.iask.hu\/en\/\",\"name\":\"iASK - Institute of Advanced Studies K\\u0151szeg\",\"description\":\"It is the mission of iASK to bring together a critical mass of intellectually open, courageous and knowledge-sharing practitioners \\u2013 those that know that everything is at risk and that conventional research will simply not do, only creative and unusual combinations of ideas.\",\"potentialAction\":[{\"@type\":\"SearchAction\",\"target\":{\"@type\":\"EntryPoint\",\"urlTemplate\":\"https:\/\/archive.iask.hu\/en\/?s={search_term_string}\"},\"query-input\":\"required name=search_term_string\"}],\"inLanguage\":\"en-US\"},{\"@type\":\"ImageObject\",\"@id\":\"https:\/\/archive.iask.hu\/hu\/a-teljes-ischaemias-ido-prognosztikus-jelentosege-az-st-elevacioval-jaro-szivinfarktus-miatt-kezelt-betegekben\/#primaryimage\",\"inLanguage\":\"en-US\",\"url\":\"https:\/\/archive.iask.hu\/wp-content\/uploads\/2018\/07\/szivinfarktus-plakat_kivagott.png\",\"contentUrl\":\"https:\/\/archive.iask.hu\/wp-content\/uploads\/2018\/07\/szivinfarktus-plakat_kivagott.png\",\"width\":1233,\"height\":810},{\"@type\":\"WebPage\",\"@id\":\"https:\/\/archive.iask.hu\/hu\/a-teljes-ischaemias-ido-prognosztikus-jelentosege-az-st-elevacioval-jaro-szivinfarktus-miatt-kezelt-betegekben\/#webpage\",\"url\":\"https:\/\/archive.iask.hu\/hu\/a-teljes-ischaemias-ido-prognosztikus-jelentosege-az-st-elevacioval-jaro-szivinfarktus-miatt-kezelt-betegekben\/\",\"name\":\"Prognostic significance of the total ischemic time in patients with ST-elevation myocardial infarction - iASK - Institute of Advanced Studies K\\u0151szeg\",\"isPartOf\":{\"@id\":\"https:\/\/archive.iask.hu\/en\/#website\"},\"primaryImageOfPage\":{\"@id\":\"https:\/\/archive.iask.hu\/hu\/a-teljes-ischaemias-ido-prognosztikus-jelentosege-az-st-elevacioval-jaro-szivinfarktus-miatt-kezelt-betegekben\/#primaryimage\"},\"datePublished\":\"2018-07-03T10:12:24+00:00\",\"dateModified\":\"2018-07-03T11:40:29+00:00\",\"author\":{\"@id\":\"https:\/\/archive.iask.hu\/en\/#\/schema\/person\/00871de8a3d5a20371f26a00c517a4cc\"},\"breadcrumb\":{\"@id\":\"https:\/\/archive.iask.hu\/hu\/a-teljes-ischaemias-ido-prognosztikus-jelentosege-az-st-elevacioval-jaro-szivinfarktus-miatt-kezelt-betegekben\/#breadcrumb\"},\"inLanguage\":\"en-US\",\"potentialAction\":[{\"@type\":\"ReadAction\",\"target\":[\"https:\/\/archive.iask.hu\/hu\/a-teljes-ischaemias-ido-prognosztikus-jelentosege-az-st-elevacioval-jaro-szivinfarktus-miatt-kezelt-betegekben\/\"]}]},{\"@type\":\"BreadcrumbList\",\"@id\":\"https:\/\/archive.iask.hu\/hu\/a-teljes-ischaemias-ido-prognosztikus-jelentosege-az-st-elevacioval-jaro-szivinfarktus-miatt-kezelt-betegekben\/#breadcrumb\",\"itemListElement\":[{\"@type\":\"ListItem\",\"position\":1,\"name\":\"Home\",\"item\":\"https:\/\/archive.iask.hu\/en\/\"},{\"@type\":\"ListItem\",\"position\":2,\"name\":\"A teljes ischaemi\\u00e1s id\\u0151 prognosztikus jelent\\u0151s\\u00e9ge az ST-elev\\u00e1ci\\u00f3val j\\u00e1r\\u00f3 sz\\u00edvinfarktus miatt kezelt betegekben\"}]},{\"@type\":\"Person\",\"@id\":\"https:\/\/archive.iask.hu\/en\/#\/schema\/person\/00871de8a3d5a20371f26a00c517a4cc\",\"name\":\"Gerg\\u0151 Rozner\",\"image\":{\"@type\":\"ImageObject\",\"@id\":\"https:\/\/archive.iask.hu\/en\/#personlogo\",\"inLanguage\":\"en-US\",\"url\":\"https:\/\/secure.gravatar.com\/avatar\/36066dbc6d7f141aff328b26e9271b7b?s=96&d=mm&r=g\",\"contentUrl\":\"https:\/\/secure.gravatar.com\/avatar\/36066dbc6d7f141aff328b26e9271b7b?s=96&d=mm&r=g\",\"caption\":\"Gerg\\u0151 Rozner\"},\"url\":\"https:\/\/archive.iask.hu\/en\/author\/gergo-rozneriask-hu\/\"}]}<\/script>\n<!-- \/ Yoast SEO plugin. -->","yoast_head_json":{"title":"Prognostic significance of the total ischemic time in patients with ST-elevation myocardial infarction - iASK - Institute of Advanced Studies K\u0151szeg","robots":{"index":"index","follow":"follow","max-snippet":"max-snippet:-1","max-image-preview":"max-image-preview:large","max-video-preview":"max-video-preview:-1"},"canonical":"https:\/\/archive.iask.hu\/hu\/a-teljes-ischaemias-ido-prognosztikus-jelentosege-az-st-elevacioval-jaro-szivinfarktus-miatt-kezelt-betegekben\/","og_locale":"en_US","og_type":"article","og_title":"Prognostic significance of the total ischemic time in patients with ST-elevation myocardial infarction - iASK - Institute of Advanced Studies K\u0151szeg","og_description":"The aim of the study was to determine the prognostic significance of the TIT in patients with ST elevation myocardial infarction in Hungary.","og_url":"https:\/\/archive.iask.hu\/hu\/a-teljes-ischaemias-ido-prognosztikus-jelentosege-az-st-elevacioval-jaro-szivinfarktus-miatt-kezelt-betegekben\/","og_site_name":"iASK - Institute of Advanced Studies K\u0151szeg","article_published_time":"2018-07-03T10:12:24+00:00","article_modified_time":"2018-07-03T11:40:29+00:00","og_image":[{"width":1233,"height":810,"url":"http:\/\/archive.iask.hu\/wp-content\/uploads\/2018\/07\/szivinfarktus-plakat_kivagott.png","path":"\/home\/archive\/public_html\/wp-content\/uploads\/2018\/07\/szivinfarktus-plakat_kivagott.png","size":"full","id":10676,"alt":"","pixels":998730,"type":"image\/png"}],"twitter_card":"summary_large_image","twitter_misc":{"Written by":"Gerg\u0151 Rozner","Est. reading time":"2 minutes"},"schema":{"@context":"https:\/\/schema.org","@graph":[{"@type":"WebSite","@id":"https:\/\/archive.iask.hu\/en\/#website","url":"https:\/\/archive.iask.hu\/en\/","name":"iASK - Institute of Advanced Studies K\u0151szeg","description":"It is the mission of iASK to bring together a critical mass of intellectually open, courageous and knowledge-sharing practitioners \u2013 those that know that everything is at risk and that conventional research will simply not do, only creative and unusual combinations of ideas.","potentialAction":[{"@type":"SearchAction","target":{"@type":"EntryPoint","urlTemplate":"https:\/\/archive.iask.hu\/en\/?s={search_term_string}"},"query-input":"required name=search_term_string"}],"inLanguage":"en-US"},{"@type":"ImageObject","@id":"https:\/\/archive.iask.hu\/hu\/a-teljes-ischaemias-ido-prognosztikus-jelentosege-az-st-elevacioval-jaro-szivinfarktus-miatt-kezelt-betegekben\/#primaryimage","inLanguage":"en-US","url":"https:\/\/archive.iask.hu\/wp-content\/uploads\/2018\/07\/szivinfarktus-plakat_kivagott.png","contentUrl":"https:\/\/archive.iask.hu\/wp-content\/uploads\/2018\/07\/szivinfarktus-plakat_kivagott.png","width":1233,"height":810},{"@type":"WebPage","@id":"https:\/\/archive.iask.hu\/hu\/a-teljes-ischaemias-ido-prognosztikus-jelentosege-az-st-elevacioval-jaro-szivinfarktus-miatt-kezelt-betegekben\/#webpage","url":"https:\/\/archive.iask.hu\/hu\/a-teljes-ischaemias-ido-prognosztikus-jelentosege-az-st-elevacioval-jaro-szivinfarktus-miatt-kezelt-betegekben\/","name":"Prognostic significance of the total ischemic time in patients with ST-elevation myocardial infarction - iASK - Institute of Advanced Studies K\u0151szeg","isPartOf":{"@id":"https:\/\/archive.iask.hu\/en\/#website"},"primaryImageOfPage":{"@id":"https:\/\/archive.iask.hu\/hu\/a-teljes-ischaemias-ido-prognosztikus-jelentosege-az-st-elevacioval-jaro-szivinfarktus-miatt-kezelt-betegekben\/#primaryimage"},"datePublished":"2018-07-03T10:12:24+00:00","dateModified":"2018-07-03T11:40:29+00:00","author":{"@id":"https:\/\/archive.iask.hu\/en\/#\/schema\/person\/00871de8a3d5a20371f26a00c517a4cc"},"breadcrumb":{"@id":"https:\/\/archive.iask.hu\/hu\/a-teljes-ischaemias-ido-prognosztikus-jelentosege-az-st-elevacioval-jaro-szivinfarktus-miatt-kezelt-betegekben\/#breadcrumb"},"inLanguage":"en-US","potentialAction":[{"@type":"ReadAction","target":["https:\/\/archive.iask.hu\/hu\/a-teljes-ischaemias-ido-prognosztikus-jelentosege-az-st-elevacioval-jaro-szivinfarktus-miatt-kezelt-betegekben\/"]}]},{"@type":"BreadcrumbList","@id":"https:\/\/archive.iask.hu\/hu\/a-teljes-ischaemias-ido-prognosztikus-jelentosege-az-st-elevacioval-jaro-szivinfarktus-miatt-kezelt-betegekben\/#breadcrumb","itemListElement":[{"@type":"ListItem","position":1,"name":"Home","item":"https:\/\/archive.iask.hu\/en\/"},{"@type":"ListItem","position":2,"name":"A teljes ischaemi\u00e1s id\u0151 prognosztikus jelent\u0151s\u00e9ge az ST-elev\u00e1ci\u00f3val j\u00e1r\u00f3 sz\u00edvinfarktus miatt kezelt betegekben"}]},{"@type":"Person","@id":"https:\/\/archive.iask.hu\/en\/#\/schema\/person\/00871de8a3d5a20371f26a00c517a4cc","name":"Gerg\u0151 Rozner","image":{"@type":"ImageObject","@id":"https:\/\/archive.iask.hu\/en\/#personlogo","inLanguage":"en-US","url":"https:\/\/secure.gravatar.com\/avatar\/36066dbc6d7f141aff328b26e9271b7b?s=96&d=mm&r=g","contentUrl":"https:\/\/secure.gravatar.com\/avatar\/36066dbc6d7f141aff328b26e9271b7b?s=96&d=mm&r=g","caption":"Gerg\u0151 Rozner"},"url":"https:\/\/archive.iask.hu\/en\/author\/gergo-rozneriask-hu\/"}]}},"_links":{"self":[{"href":"https:\/\/archive.iask.hu\/en\/wp-json\/wp\/v2\/posts\/10667"}],"collection":[{"href":"https:\/\/archive.iask.hu\/en\/wp-json\/wp\/v2\/posts"}],"about":[{"href":"https:\/\/archive.iask.hu\/en\/wp-json\/wp\/v2\/types\/post"}],"author":[{"embeddable":true,"href":"https:\/\/archive.iask.hu\/en\/wp-json\/wp\/v2\/users\/209"}],"replies":[{"embeddable":true,"href":"https:\/\/archive.iask.hu\/en\/wp-json\/wp\/v2\/comments?post=10667"}],"version-history":[{"count":5,"href":"https:\/\/archive.iask.hu\/en\/wp-json\/wp\/v2\/posts\/10667\/revisions"}],"predecessor-version":[{"id":10674,"href":"https:\/\/archive.iask.hu\/en\/wp-json\/wp\/v2\/posts\/10667\/revisions\/10674"}],"wp:featuredmedia":[{"embeddable":true,"href":"https:\/\/archive.iask.hu\/en\/wp-json\/wp\/v2\/media\/10676"}],"wp:attachment":[{"href":"https:\/\/archive.iask.hu\/en\/wp-json\/wp\/v2\/media?parent=10667"}],"wp:term":[{"taxonomy":"category","embeddable":true,"href":"https:\/\/archive.iask.hu\/en\/wp-json\/wp\/v2\/categories?post=10667"},{"taxonomy":"post_tag","embeddable":true,"href":"https:\/\/archive.iask.hu\/en\/wp-json\/wp\/v2\/tags?post=10667"}],"curies":[{"name":"wp","href":"https:\/\/api.w.org\/{rel}","templated":true}]}}