{"id":13234,"date":"2019-04-17T13:14:54","date_gmt":"2019-04-17T11:14:54","guid":{"rendered":"https:\/\/archive.iask.hu\/hu\/?p=13234"},"modified":"2019-06-03T10:25:39","modified_gmt":"2019-06-03T08:25:39","slug":"the-festetics-mystery-ceremonial-book-launch-at-the-hungarian-academy-of-sciences-by-iask","status":"publish","type":"post","link":"https:\/\/archive.iask.hu\/en\/the-festetics-mystery-ceremonial-booklaunch-at-the-hungarian-academy-of-sciences-by-iask\/","title":{"rendered":"The Festetics Mystery &#8211; Ceremonial Book Launch at the Hungarian Academy of Sciences by iASK"},"content":{"rendered":"<p style=\"text-align: center;\"><img loading=\"lazy\" decoding=\"async\" class=\"alignnone wp-image-13240 size-full aligncenter\" src=\"http:\/\/archive.iask.hu\/wp-content\/uploads\/2019\/04\/poczai_p_festetics_rejtely-cutted3png.png\" alt=\"\" width=\"435\" height=\"378\" srcset=\"https:\/\/archive.iask.hu\/wp-content\/uploads\/2019\/04\/poczai_p_festetics_rejtely-cutted3png.png 435w, https:\/\/archive.iask.hu\/wp-content\/uploads\/2019\/04\/poczai_p_festetics_rejtely-cutted3png-300x261.png 300w\" sizes=\"(max-width: 435px) 100vw, 435px\" \/><\/p>\n<p style=\"text-align: center;\"><strong><a href=\"https:\/\/archive.iask.hu\/people\/peter-poczai\/\">P\u00e9ter Poczai&#8217;s<\/a><\/strong>\u00a0new book (scholar of iASK and associate professor of the University of Helsinki) &#8211; The Festetics Mystery &#8211; will be presented at the Hungarian Academy of Sciences (HAS) on the 9th of May 2019 at 4 p.m. by iASK. This event will be a closing part of the Festetics Memorial Conference by HAS.<\/p>\n<p style=\"text-align: center;\">Date: <strong>9th of May 2019 at 4 p.m.<\/strong><\/p>\n<p style=\"text-align: center;\">Venue: <strong>Budapest H-1051 Sz\u00e9chenyi t\u00e9r 9. HAS Main Building &#8211; Ceremonial Hall<\/strong><\/p>\n<p style=\"text-align: center;\">Welcome speech by <strong><a href=\"https:\/\/archive.iask.hu\/people\/ferenc-miszlivetz\/\">Ferenc Miszlivetz (director of iASK)<\/a><\/strong><\/p>\n<h4 style=\"text-align: center;\"><strong>The new book will be introduced by<\/strong>\u00a0<a href=\"https:\/\/archive.iask.hu\/hu\/people\/szathmary-eors\/\"><strong>\u00a0E\u00f6rs\u00a0<\/strong><\/a><strong><a href=\"https:\/\/archive.iask.hu\/hu\/people\/szathmary-eors\/\">Szathm\u00e1ry\u00a0<\/a><\/strong><a style=\"font-weight: normal;\" href=\"https:\/\/archive.iask.hu\/hu\/people\/szathmary-eors\/\"><strong>evolution-biologist<\/strong> (<strong>HAS<\/strong>)<\/a><span style=\"font-weight: normal;\">,\u00a0<\/span><a href=\"https:\/\/archive.iask.hu\/people\/attila-pok\/\"><strong>Attila<\/strong>\u00a0<strong>P\u00f3k <\/strong>historian\u00a0(<strong>FTI-iASK<\/strong><\/a><strong>)<\/strong>, <a href=\"https:\/\/mta.hu\/koztestuleti_tagok?PersonId=10046064\">G\u00e1bor Kov\u00e1cs <strong>linguist (University of Pannonia)<\/strong><\/a><\/h4>\n<h4 style=\"text-align: center;\">\u00a0 Books will be available for readers during the event.<\/h4>\n<p>&nbsp;<\/p>\n","protected":false},"excerpt":{"rendered":"<p>Date: 9th of May 2019 at 4 p.m.<br \/>\nVenue: Budapest H-1051 Sz\u00e9chenyi t\u00e9r 9. HAS Main Building &#8211; Ceremonial Hall<\/p>\n","protected":false},"author":41,"featured_media":13240,"comment_status":"closed","ping_status":"closed","sticky":false,"template":"","format":"standard","meta":{"footnotes":""},"categories":[20,32,113,23,38,1,238,19],"tags":[],"yoast_head":"<!-- This site is optimized with the Yoast SEO plugin v16.7 - https:\/\/yoast.com\/wordpress\/plugins\/seo\/ -->\n<title>The Festetics Mystery - Ceremonial Book Launch at the Hungarian Academy of Sciences by iASK - iASK - Institute of Advanced Studies K\u0151szeg<\/title>\n<meta name=\"robots\" content=\"index, follow, max-snippet:-1, max-image-preview:large, max-video-preview:-1\" \/>\n<link rel=\"canonical\" href=\"https:\/\/archive.iask.hu\/hu\/a-festetics-rejtely-fti-iask-konyvbemutato-az-akademian\/\" \/>\n<meta property=\"og:locale\" content=\"en_US\" \/>\n<meta property=\"og:type\" content=\"article\" \/>\n<meta property=\"og:title\" content=\"The Festetics Mystery - Ceremonial Book Launch at the Hungarian Academy of Sciences by iASK - iASK - Institute of Advanced Studies K\u0151szeg\" \/>\n<meta property=\"og:description\" content=\"Date: 9th of May 2019 at 4 p.m. Venue: Budapest H-1051 Sz\u00e9chenyi t\u00e9r 9. HAS Main Building - Ceremonial Hall\" \/>\n<meta property=\"og:url\" content=\"https:\/\/archive.iask.hu\/hu\/a-festetics-rejtely-fti-iask-konyvbemutato-az-akademian\/\" \/>\n<meta property=\"og:site_name\" content=\"iASK - Institute of Advanced Studies K\u0151szeg\" \/>\n<meta property=\"article:published_time\" content=\"2019-04-17T11:14:54+00:00\" \/>\n<meta property=\"article:modified_time\" content=\"2019-06-03T08:25:39+00:00\" \/>\n<meta property=\"og:image\" content=\"http:\/\/archive.iask.hu\/wp-content\/uploads\/2019\/04\/poczai_p_festetics_rejtely-cutted3png.png\" \/>\n\t<meta property=\"og:image:width\" content=\"435\" \/>\n\t<meta property=\"og:image:height\" content=\"378\" \/>\n<meta name=\"twitter:card\" content=\"summary_large_image\" \/>\n<meta name=\"twitter:label1\" content=\"Written by\" \/>\n\t<meta name=\"twitter:data1\" content=\"Bal\u00e1zs Heged\u0171s\" \/>\n\t<meta name=\"twitter:label2\" content=\"Est. reading time\" \/>\n\t<meta name=\"twitter:data2\" content=\"1 minute\" \/>\n<script type=\"application\/ld+json\" class=\"yoast-schema-graph\">{\"@context\":\"https:\/\/schema.org\",\"@graph\":[{\"@type\":\"WebSite\",\"@id\":\"https:\/\/archive.iask.hu\/en\/#website\",\"url\":\"https:\/\/archive.iask.hu\/en\/\",\"name\":\"iASK - Institute of Advanced Studies K\\u0151szeg\",\"description\":\"It is the mission of iASK to bring together a critical mass of intellectually open, courageous and knowledge-sharing practitioners \\u2013 those that know that everything is at risk and that conventional research will simply not do, only creative and unusual combinations of ideas.\",\"potentialAction\":[{\"@type\":\"SearchAction\",\"target\":{\"@type\":\"EntryPoint\",\"urlTemplate\":\"https:\/\/archive.iask.hu\/en\/?s={search_term_string}\"},\"query-input\":\"required name=search_term_string\"}],\"inLanguage\":\"en-US\"},{\"@type\":\"ImageObject\",\"@id\":\"https:\/\/archive.iask.hu\/hu\/a-festetics-rejtely-fti-iask-konyvbemutato-az-akademian\/#primaryimage\",\"inLanguage\":\"en-US\",\"url\":\"https:\/\/archive.iask.hu\/wp-content\/uploads\/2019\/04\/poczai_p_festetics_rejtely-cutted3png.png\",\"contentUrl\":\"https:\/\/archive.iask.hu\/wp-content\/uploads\/2019\/04\/poczai_p_festetics_rejtely-cutted3png.png\",\"width\":435,\"height\":378},{\"@type\":\"WebPage\",\"@id\":\"https:\/\/archive.iask.hu\/hu\/a-festetics-rejtely-fti-iask-konyvbemutato-az-akademian\/#webpage\",\"url\":\"https:\/\/archive.iask.hu\/hu\/a-festetics-rejtely-fti-iask-konyvbemutato-az-akademian\/\",\"name\":\"The Festetics Mystery - Ceremonial Book Launch at the Hungarian Academy of Sciences by iASK - iASK - Institute of Advanced Studies K\\u0151szeg\",\"isPartOf\":{\"@id\":\"https:\/\/archive.iask.hu\/en\/#website\"},\"primaryImageOfPage\":{\"@id\":\"https:\/\/archive.iask.hu\/hu\/a-festetics-rejtely-fti-iask-konyvbemutato-az-akademian\/#primaryimage\"},\"datePublished\":\"2019-04-17T11:14:54+00:00\",\"dateModified\":\"2019-06-03T08:25:39+00:00\",\"author\":{\"@id\":\"https:\/\/archive.iask.hu\/en\/#\/schema\/person\/035fd4e4ffcc592e96119c3d013c8825\"},\"breadcrumb\":{\"@id\":\"https:\/\/archive.iask.hu\/hu\/a-festetics-rejtely-fti-iask-konyvbemutato-az-akademian\/#breadcrumb\"},\"inLanguage\":\"en-US\",\"potentialAction\":[{\"@type\":\"ReadAction\",\"target\":[\"https:\/\/archive.iask.hu\/hu\/a-festetics-rejtely-fti-iask-konyvbemutato-az-akademian\/\"]}]},{\"@type\":\"BreadcrumbList\",\"@id\":\"https:\/\/archive.iask.hu\/hu\/a-festetics-rejtely-fti-iask-konyvbemutato-az-akademian\/#breadcrumb\",\"itemListElement\":[{\"@type\":\"ListItem\",\"position\":1,\"name\":\"Home\",\"item\":\"https:\/\/archive.iask.hu\/en\/\"},{\"@type\":\"ListItem\",\"position\":2,\"name\":\"The Festetics Mystery &#8211; Ceremonial Book Launch at the Hungarian Academy of Sciences by iASK\"}]},{\"@type\":\"Person\",\"@id\":\"https:\/\/archive.iask.hu\/en\/#\/schema\/person\/035fd4e4ffcc592e96119c3d013c8825\",\"name\":\"Bal\\u00e1zs Heged\\u0171s\",\"image\":{\"@type\":\"ImageObject\",\"@id\":\"https:\/\/archive.iask.hu\/en\/#personlogo\",\"inLanguage\":\"en-US\",\"url\":\"https:\/\/secure.gravatar.com\/avatar\/08c2d1318b6f018b97088830599c0d78?s=96&d=mm&r=g\",\"contentUrl\":\"https:\/\/secure.gravatar.com\/avatar\/08c2d1318b6f018b97088830599c0d78?s=96&d=mm&r=g\",\"caption\":\"Bal\\u00e1zs Heged\\u0171s\"},\"url\":\"https:\/\/archive.iask.hu\/en\/author\/balazs-hegedus\/\"}]}<\/script>\n<!-- \/ Yoast SEO plugin. -->","yoast_head_json":{"title":"The Festetics Mystery - Ceremonial Book Launch at the Hungarian Academy of Sciences by iASK - iASK - Institute of Advanced Studies K\u0151szeg","robots":{"index":"index","follow":"follow","max-snippet":"max-snippet:-1","max-image-preview":"max-image-preview:large","max-video-preview":"max-video-preview:-1"},"canonical":"https:\/\/archive.iask.hu\/hu\/a-festetics-rejtely-fti-iask-konyvbemutato-az-akademian\/","og_locale":"en_US","og_type":"article","og_title":"The Festetics Mystery - Ceremonial Book Launch at the Hungarian Academy of Sciences by iASK - iASK - Institute of Advanced Studies K\u0151szeg","og_description":"Date: 9th of May 2019 at 4 p.m. Venue: Budapest H-1051 Sz\u00e9chenyi t\u00e9r 9. HAS Main Building - Ceremonial Hall","og_url":"https:\/\/archive.iask.hu\/hu\/a-festetics-rejtely-fti-iask-konyvbemutato-az-akademian\/","og_site_name":"iASK - Institute of Advanced Studies K\u0151szeg","article_published_time":"2019-04-17T11:14:54+00:00","article_modified_time":"2019-06-03T08:25:39+00:00","og_image":[{"width":435,"height":378,"url":"http:\/\/archive.iask.hu\/wp-content\/uploads\/2019\/04\/poczai_p_festetics_rejtely-cutted3png.png","path":"\/home\/archive\/public_html\/wp-content\/uploads\/2019\/04\/poczai_p_festetics_rejtely-cutted3png.png","size":"full","id":13240,"alt":"","pixels":164430,"type":"image\/png"}],"twitter_card":"summary_large_image","twitter_misc":{"Written by":"Bal\u00e1zs Heged\u0171s","Est. reading time":"1 minute"},"schema":{"@context":"https:\/\/schema.org","@graph":[{"@type":"WebSite","@id":"https:\/\/archive.iask.hu\/en\/#website","url":"https:\/\/archive.iask.hu\/en\/","name":"iASK - Institute of Advanced Studies K\u0151szeg","description":"It is the mission of iASK to bring together a critical mass of intellectually open, courageous and knowledge-sharing practitioners \u2013 those that know that everything is at risk and that conventional research will simply not do, only creative and unusual combinations of ideas.","potentialAction":[{"@type":"SearchAction","target":{"@type":"EntryPoint","urlTemplate":"https:\/\/archive.iask.hu\/en\/?s={search_term_string}"},"query-input":"required name=search_term_string"}],"inLanguage":"en-US"},{"@type":"ImageObject","@id":"https:\/\/archive.iask.hu\/hu\/a-festetics-rejtely-fti-iask-konyvbemutato-az-akademian\/#primaryimage","inLanguage":"en-US","url":"https:\/\/archive.iask.hu\/wp-content\/uploads\/2019\/04\/poczai_p_festetics_rejtely-cutted3png.png","contentUrl":"https:\/\/archive.iask.hu\/wp-content\/uploads\/2019\/04\/poczai_p_festetics_rejtely-cutted3png.png","width":435,"height":378},{"@type":"WebPage","@id":"https:\/\/archive.iask.hu\/hu\/a-festetics-rejtely-fti-iask-konyvbemutato-az-akademian\/#webpage","url":"https:\/\/archive.iask.hu\/hu\/a-festetics-rejtely-fti-iask-konyvbemutato-az-akademian\/","name":"The Festetics Mystery - Ceremonial Book Launch at the Hungarian Academy of Sciences by iASK - iASK - Institute of Advanced Studies K\u0151szeg","isPartOf":{"@id":"https:\/\/archive.iask.hu\/en\/#website"},"primaryImageOfPage":{"@id":"https:\/\/archive.iask.hu\/hu\/a-festetics-rejtely-fti-iask-konyvbemutato-az-akademian\/#primaryimage"},"datePublished":"2019-04-17T11:14:54+00:00","dateModified":"2019-06-03T08:25:39+00:00","author":{"@id":"https:\/\/archive.iask.hu\/en\/#\/schema\/person\/035fd4e4ffcc592e96119c3d013c8825"},"breadcrumb":{"@id":"https:\/\/archive.iask.hu\/hu\/a-festetics-rejtely-fti-iask-konyvbemutato-az-akademian\/#breadcrumb"},"inLanguage":"en-US","potentialAction":[{"@type":"ReadAction","target":["https:\/\/archive.iask.hu\/hu\/a-festetics-rejtely-fti-iask-konyvbemutato-az-akademian\/"]}]},{"@type":"BreadcrumbList","@id":"https:\/\/archive.iask.hu\/hu\/a-festetics-rejtely-fti-iask-konyvbemutato-az-akademian\/#breadcrumb","itemListElement":[{"@type":"ListItem","position":1,"name":"Home","item":"https:\/\/archive.iask.hu\/en\/"},{"@type":"ListItem","position":2,"name":"The Festetics Mystery &#8211; Ceremonial Book Launch at the Hungarian Academy of Sciences by iASK"}]},{"@type":"Person","@id":"https:\/\/archive.iask.hu\/en\/#\/schema\/person\/035fd4e4ffcc592e96119c3d013c8825","name":"Bal\u00e1zs Heged\u0171s","image":{"@type":"ImageObject","@id":"https:\/\/archive.iask.hu\/en\/#personlogo","inLanguage":"en-US","url":"https:\/\/secure.gravatar.com\/avatar\/08c2d1318b6f018b97088830599c0d78?s=96&d=mm&r=g","contentUrl":"https:\/\/secure.gravatar.com\/avatar\/08c2d1318b6f018b97088830599c0d78?s=96&d=mm&r=g","caption":"Bal\u00e1zs Heged\u0171s"},"url":"https:\/\/archive.iask.hu\/en\/author\/balazs-hegedus\/"}]}},"_links":{"self":[{"href":"https:\/\/archive.iask.hu\/en\/wp-json\/wp\/v2\/posts\/13234"}],"collection":[{"href":"https:\/\/archive.iask.hu\/en\/wp-json\/wp\/v2\/posts"}],"about":[{"href":"https:\/\/archive.iask.hu\/en\/wp-json\/wp\/v2\/types\/post"}],"author":[{"embeddable":true,"href":"https:\/\/archive.iask.hu\/en\/wp-json\/wp\/v2\/users\/41"}],"replies":[{"embeddable":true,"href":"https:\/\/archive.iask.hu\/en\/wp-json\/wp\/v2\/comments?post=13234"}],"version-history":[{"count":23,"href":"https:\/\/archive.iask.hu\/en\/wp-json\/wp\/v2\/posts\/13234\/revisions"}],"predecessor-version":[{"id":13671,"href":"https:\/\/archive.iask.hu\/en\/wp-json\/wp\/v2\/posts\/13234\/revisions\/13671"}],"wp:featuredmedia":[{"embeddable":true,"href":"https:\/\/archive.iask.hu\/en\/wp-json\/wp\/v2\/media\/13240"}],"wp:attachment":[{"href":"https:\/\/archive.iask.hu\/en\/wp-json\/wp\/v2\/media?parent=13234"}],"wp:term":[{"taxonomy":"category","embeddable":true,"href":"https:\/\/archive.iask.hu\/en\/wp-json\/wp\/v2\/categories?post=13234"},{"taxonomy":"post_tag","embeddable":true,"href":"https:\/\/archive.iask.hu\/en\/wp-json\/wp\/v2\/tags?post=13234"}],"curies":[{"name":"wp","href":"https:\/\/api.w.org\/{rel}","templated":true}]}}