{"id":19095,"date":"2020-10-26T09:26:38","date_gmt":"2020-10-26T08:26:38","guid":{"rendered":"https:\/\/archive.iask.hu\/hu\/?p=19095"},"modified":"2020-10-26T09:39:27","modified_gmt":"2020-10-26T08:39:27","slug":"prof-ivan-baba-received-a-prestigious-hungarian-state-award-from-janos-ader-the-president-of-the-hungarian-republic","status":"publish","type":"post","link":"https:\/\/archive.iask.hu\/en\/prof-ivan-baba-received-a-prestigious-hungarian-state-award-from-janos-ader-the-president-of-the-hungarian-republic-on-23rd-of-october-2020\/","title":{"rendered":"Prof. Iv\u00e1n B\u00e1ba received a prestigious Hungarian State Award from J\u00e1nos \u00c1der, the President of the Hungarian Republic"},"content":{"rendered":"<p><img loading=\"lazy\" decoding=\"async\" class=\"size-medium wp-image-19098 alignleft\" src=\"http:\/\/archive.iask.hu\/wp-content\/uploads\/2020\/10\/kituntetes-2020-10-23-baba-ivan-02-225x300.jpg\" alt=\"\" width=\"225\" height=\"300\" \/>The Cross of the Hungarian Order of Civic Merit was given to Iv\u00e1n B\u00e1ba (researcher of iASK) by J\u00e1nos \u00c1der, the president of Hungary.<\/p>\n<p>The venue of the ceremonial award was the Building of the Hungarian Parliament on the 23 of October 2020.<\/p>\n<p>Iv\u00e1n B\u00e1ba PhD\u00a0 is a professor at the National University of Public Service and the K\u00e1roli G\u00e1sp\u00e1r University of the Reformed Church in Hungary. From 1990-2014 he was the Deputy State Secretary, State Secretary and Ambassador in Ministry for Foreign Affairs. He is the author of several scientific publications. His main field of research addresses the collapse of communism and regime change in Hungary and Central Europe.<\/p>\n<p>Congratulations!<\/p>\n","protected":false},"excerpt":{"rendered":"<p>His main field of research addresses the collapse of communism and regime change in Hungary and Central Europe.<\/p>\n","protected":false},"author":41,"featured_media":13060,"comment_status":"closed","ping_status":"closed","sticky":false,"template":"","format":"standard","meta":{"footnotes":""},"categories":[239,97,38,238],"tags":[],"yoast_head":"<!-- This site is optimized with the Yoast SEO plugin v16.7 - https:\/\/yoast.com\/wordpress\/plugins\/seo\/ -->\n<title>Prof. Iv\u00e1n B\u00e1ba received a prestigious Hungarian State Award from J\u00e1nos \u00c1der, the President of the Hungarian Republic - iASK - Institute of Advanced Studies K\u0151szeg<\/title>\n<meta name=\"robots\" content=\"index, follow, max-snippet:-1, max-image-preview:large, max-video-preview:-1\" \/>\n<link rel=\"canonical\" href=\"https:\/\/archive.iask.hu\/en\/prof-ivan-baba-received-a-prestigious-hungarian-state-award-from-janos-ader-the-president-of-the-hungarian-republic-on-23rd-of-october-2020\/\" \/>\n<meta property=\"og:locale\" content=\"en_US\" \/>\n<meta property=\"og:type\" content=\"article\" \/>\n<meta property=\"og:title\" content=\"Prof. Iv\u00e1n B\u00e1ba received a prestigious Hungarian State Award from J\u00e1nos \u00c1der, the President of the Hungarian Republic - iASK - Institute of Advanced Studies K\u0151szeg\" \/>\n<meta property=\"og:description\" content=\"His main field of research addresses the collapse of communism and regime change in Hungary and Central Europe.\" \/>\n<meta property=\"og:url\" content=\"https:\/\/archive.iask.hu\/en\/prof-ivan-baba-received-a-prestigious-hungarian-state-award-from-janos-ader-the-president-of-the-hungarian-republic-on-23rd-of-october-2020\/\" \/>\n<meta property=\"og:site_name\" content=\"iASK - Institute of Advanced Studies K\u0151szeg\" \/>\n<meta property=\"article:published_time\" content=\"2020-10-26T08:26:38+00:00\" \/>\n<meta property=\"article:modified_time\" content=\"2020-10-26T08:39:27+00:00\" \/>\n<meta property=\"og:image\" content=\"http:\/\/archive.iask.hu\/wp-content\/uploads\/2019\/03\/magyar-erdemrend-kozepkereszt-polg-tagozat.jpg\" \/>\n\t<meta property=\"og:image:width\" content=\"1920\" \/>\n\t<meta property=\"og:image:height\" content=\"1290\" \/>\n<meta name=\"twitter:card\" content=\"summary_large_image\" \/>\n<meta name=\"twitter:label1\" content=\"Written by\" \/>\n\t<meta name=\"twitter:data1\" content=\"Bal\u00e1zs Heged\u0171s\" \/>\n\t<meta name=\"twitter:label2\" content=\"Est. reading time\" \/>\n\t<meta name=\"twitter:data2\" content=\"1 minute\" \/>\n<script type=\"application\/ld+json\" class=\"yoast-schema-graph\">{\"@context\":\"https:\/\/schema.org\",\"@graph\":[{\"@type\":\"WebSite\",\"@id\":\"https:\/\/archive.iask.hu\/en\/#website\",\"url\":\"https:\/\/archive.iask.hu\/en\/\",\"name\":\"iASK - Institute of Advanced Studies K\\u0151szeg\",\"description\":\"It is the mission of iASK to bring together a critical mass of intellectually open, courageous and knowledge-sharing practitioners \\u2013 those that know that everything is at risk and that conventional research will simply not do, only creative and unusual combinations of ideas.\",\"potentialAction\":[{\"@type\":\"SearchAction\",\"target\":{\"@type\":\"EntryPoint\",\"urlTemplate\":\"https:\/\/archive.iask.hu\/en\/?s={search_term_string}\"},\"query-input\":\"required name=search_term_string\"}],\"inLanguage\":\"en-US\"},{\"@type\":\"ImageObject\",\"@id\":\"https:\/\/archive.iask.hu\/en\/prof-ivan-baba-received-a-prestigious-hungarian-state-award-from-janos-ader-the-president-of-the-hungarian-republic-on-23rd-of-october-2020\/#primaryimage\",\"inLanguage\":\"en-US\",\"url\":\"https:\/\/archive.iask.hu\/wp-content\/uploads\/2019\/03\/magyar-erdemrend-kozepkereszt-polg-tagozat.jpg\",\"contentUrl\":\"https:\/\/archive.iask.hu\/wp-content\/uploads\/2019\/03\/magyar-erdemrend-kozepkereszt-polg-tagozat.jpg\",\"width\":1920,\"height\":1290},{\"@type\":\"WebPage\",\"@id\":\"https:\/\/archive.iask.hu\/en\/prof-ivan-baba-received-a-prestigious-hungarian-state-award-from-janos-ader-the-president-of-the-hungarian-republic-on-23rd-of-october-2020\/#webpage\",\"url\":\"https:\/\/archive.iask.hu\/en\/prof-ivan-baba-received-a-prestigious-hungarian-state-award-from-janos-ader-the-president-of-the-hungarian-republic-on-23rd-of-october-2020\/\",\"name\":\"Prof. Iv\\u00e1n B\\u00e1ba received a prestigious Hungarian State Award from J\\u00e1nos \\u00c1der, the President of the Hungarian Republic - iASK - Institute of Advanced Studies K\\u0151szeg\",\"isPartOf\":{\"@id\":\"https:\/\/archive.iask.hu\/en\/#website\"},\"primaryImageOfPage\":{\"@id\":\"https:\/\/archive.iask.hu\/en\/prof-ivan-baba-received-a-prestigious-hungarian-state-award-from-janos-ader-the-president-of-the-hungarian-republic-on-23rd-of-october-2020\/#primaryimage\"},\"datePublished\":\"2020-10-26T08:26:38+00:00\",\"dateModified\":\"2020-10-26T08:39:27+00:00\",\"author\":{\"@id\":\"https:\/\/archive.iask.hu\/en\/#\/schema\/person\/035fd4e4ffcc592e96119c3d013c8825\"},\"breadcrumb\":{\"@id\":\"https:\/\/archive.iask.hu\/en\/prof-ivan-baba-received-a-prestigious-hungarian-state-award-from-janos-ader-the-president-of-the-hungarian-republic-on-23rd-of-october-2020\/#breadcrumb\"},\"inLanguage\":\"en-US\",\"potentialAction\":[{\"@type\":\"ReadAction\",\"target\":[\"https:\/\/archive.iask.hu\/en\/prof-ivan-baba-received-a-prestigious-hungarian-state-award-from-janos-ader-the-president-of-the-hungarian-republic-on-23rd-of-october-2020\/\"]}]},{\"@type\":\"BreadcrumbList\",\"@id\":\"https:\/\/archive.iask.hu\/en\/prof-ivan-baba-received-a-prestigious-hungarian-state-award-from-janos-ader-the-president-of-the-hungarian-republic-on-23rd-of-october-2020\/#breadcrumb\",\"itemListElement\":[{\"@type\":\"ListItem\",\"position\":1,\"name\":\"Home\",\"item\":\"https:\/\/archive.iask.hu\/en\/\"},{\"@type\":\"ListItem\",\"position\":2,\"name\":\"Prof. Iv\\u00e1n B\\u00e1ba received a prestigious Hungarian State Award from J\\u00e1nos \\u00c1der, the President of the Hungarian Republic\"}]},{\"@type\":\"Person\",\"@id\":\"https:\/\/archive.iask.hu\/en\/#\/schema\/person\/035fd4e4ffcc592e96119c3d013c8825\",\"name\":\"Bal\\u00e1zs Heged\\u0171s\",\"image\":{\"@type\":\"ImageObject\",\"@id\":\"https:\/\/archive.iask.hu\/en\/#personlogo\",\"inLanguage\":\"en-US\",\"url\":\"https:\/\/secure.gravatar.com\/avatar\/08c2d1318b6f018b97088830599c0d78?s=96&d=mm&r=g\",\"contentUrl\":\"https:\/\/secure.gravatar.com\/avatar\/08c2d1318b6f018b97088830599c0d78?s=96&d=mm&r=g\",\"caption\":\"Bal\\u00e1zs Heged\\u0171s\"},\"url\":\"https:\/\/archive.iask.hu\/en\/author\/balazs-hegedus\/\"}]}<\/script>\n<!-- \/ Yoast SEO plugin. -->","yoast_head_json":{"title":"Prof. Iv\u00e1n B\u00e1ba received a prestigious Hungarian State Award from J\u00e1nos \u00c1der, the President of the Hungarian Republic - iASK - Institute of Advanced Studies K\u0151szeg","robots":{"index":"index","follow":"follow","max-snippet":"max-snippet:-1","max-image-preview":"max-image-preview:large","max-video-preview":"max-video-preview:-1"},"canonical":"https:\/\/archive.iask.hu\/en\/prof-ivan-baba-received-a-prestigious-hungarian-state-award-from-janos-ader-the-president-of-the-hungarian-republic-on-23rd-of-october-2020\/","og_locale":"en_US","og_type":"article","og_title":"Prof. Iv\u00e1n B\u00e1ba received a prestigious Hungarian State Award from J\u00e1nos \u00c1der, the President of the Hungarian Republic - iASK - Institute of Advanced Studies K\u0151szeg","og_description":"His main field of research addresses the collapse of communism and regime change in Hungary and Central Europe.","og_url":"https:\/\/archive.iask.hu\/en\/prof-ivan-baba-received-a-prestigious-hungarian-state-award-from-janos-ader-the-president-of-the-hungarian-republic-on-23rd-of-october-2020\/","og_site_name":"iASK - Institute of Advanced Studies K\u0151szeg","article_published_time":"2020-10-26T08:26:38+00:00","article_modified_time":"2020-10-26T08:39:27+00:00","og_image":[{"width":1920,"height":1290,"url":"http:\/\/archive.iask.hu\/wp-content\/uploads\/2019\/03\/magyar-erdemrend-kozepkereszt-polg-tagozat.jpg","path":"\/home\/archive\/public_html\/wp-content\/uploads\/2019\/03\/magyar-erdemrend-kozepkereszt-polg-tagozat.jpg","size":"full","id":13060,"alt":"","pixels":2476800,"type":"image\/jpeg"}],"twitter_card":"summary_large_image","twitter_misc":{"Written by":"Bal\u00e1zs Heged\u0171s","Est. reading time":"1 minute"},"schema":{"@context":"https:\/\/schema.org","@graph":[{"@type":"WebSite","@id":"https:\/\/archive.iask.hu\/en\/#website","url":"https:\/\/archive.iask.hu\/en\/","name":"iASK - Institute of Advanced Studies K\u0151szeg","description":"It is the mission of iASK to bring together a critical mass of intellectually open, courageous and knowledge-sharing practitioners \u2013 those that know that everything is at risk and that conventional research will simply not do, only creative and unusual combinations of ideas.","potentialAction":[{"@type":"SearchAction","target":{"@type":"EntryPoint","urlTemplate":"https:\/\/archive.iask.hu\/en\/?s={search_term_string}"},"query-input":"required name=search_term_string"}],"inLanguage":"en-US"},{"@type":"ImageObject","@id":"https:\/\/archive.iask.hu\/en\/prof-ivan-baba-received-a-prestigious-hungarian-state-award-from-janos-ader-the-president-of-the-hungarian-republic-on-23rd-of-october-2020\/#primaryimage","inLanguage":"en-US","url":"https:\/\/archive.iask.hu\/wp-content\/uploads\/2019\/03\/magyar-erdemrend-kozepkereszt-polg-tagozat.jpg","contentUrl":"https:\/\/archive.iask.hu\/wp-content\/uploads\/2019\/03\/magyar-erdemrend-kozepkereszt-polg-tagozat.jpg","width":1920,"height":1290},{"@type":"WebPage","@id":"https:\/\/archive.iask.hu\/en\/prof-ivan-baba-received-a-prestigious-hungarian-state-award-from-janos-ader-the-president-of-the-hungarian-republic-on-23rd-of-october-2020\/#webpage","url":"https:\/\/archive.iask.hu\/en\/prof-ivan-baba-received-a-prestigious-hungarian-state-award-from-janos-ader-the-president-of-the-hungarian-republic-on-23rd-of-october-2020\/","name":"Prof. Iv\u00e1n B\u00e1ba received a prestigious Hungarian State Award from J\u00e1nos \u00c1der, the President of the Hungarian Republic - iASK - Institute of Advanced Studies K\u0151szeg","isPartOf":{"@id":"https:\/\/archive.iask.hu\/en\/#website"},"primaryImageOfPage":{"@id":"https:\/\/archive.iask.hu\/en\/prof-ivan-baba-received-a-prestigious-hungarian-state-award-from-janos-ader-the-president-of-the-hungarian-republic-on-23rd-of-october-2020\/#primaryimage"},"datePublished":"2020-10-26T08:26:38+00:00","dateModified":"2020-10-26T08:39:27+00:00","author":{"@id":"https:\/\/archive.iask.hu\/en\/#\/schema\/person\/035fd4e4ffcc592e96119c3d013c8825"},"breadcrumb":{"@id":"https:\/\/archive.iask.hu\/en\/prof-ivan-baba-received-a-prestigious-hungarian-state-award-from-janos-ader-the-president-of-the-hungarian-republic-on-23rd-of-october-2020\/#breadcrumb"},"inLanguage":"en-US","potentialAction":[{"@type":"ReadAction","target":["https:\/\/archive.iask.hu\/en\/prof-ivan-baba-received-a-prestigious-hungarian-state-award-from-janos-ader-the-president-of-the-hungarian-republic-on-23rd-of-october-2020\/"]}]},{"@type":"BreadcrumbList","@id":"https:\/\/archive.iask.hu\/en\/prof-ivan-baba-received-a-prestigious-hungarian-state-award-from-janos-ader-the-president-of-the-hungarian-republic-on-23rd-of-october-2020\/#breadcrumb","itemListElement":[{"@type":"ListItem","position":1,"name":"Home","item":"https:\/\/archive.iask.hu\/en\/"},{"@type":"ListItem","position":2,"name":"Prof. Iv\u00e1n B\u00e1ba received a prestigious Hungarian State Award from J\u00e1nos \u00c1der, the President of the Hungarian Republic"}]},{"@type":"Person","@id":"https:\/\/archive.iask.hu\/en\/#\/schema\/person\/035fd4e4ffcc592e96119c3d013c8825","name":"Bal\u00e1zs Heged\u0171s","image":{"@type":"ImageObject","@id":"https:\/\/archive.iask.hu\/en\/#personlogo","inLanguage":"en-US","url":"https:\/\/secure.gravatar.com\/avatar\/08c2d1318b6f018b97088830599c0d78?s=96&d=mm&r=g","contentUrl":"https:\/\/secure.gravatar.com\/avatar\/08c2d1318b6f018b97088830599c0d78?s=96&d=mm&r=g","caption":"Bal\u00e1zs Heged\u0171s"},"url":"https:\/\/archive.iask.hu\/en\/author\/balazs-hegedus\/"}]}},"_links":{"self":[{"href":"https:\/\/archive.iask.hu\/en\/wp-json\/wp\/v2\/posts\/19095"}],"collection":[{"href":"https:\/\/archive.iask.hu\/en\/wp-json\/wp\/v2\/posts"}],"about":[{"href":"https:\/\/archive.iask.hu\/en\/wp-json\/wp\/v2\/types\/post"}],"author":[{"embeddable":true,"href":"https:\/\/archive.iask.hu\/en\/wp-json\/wp\/v2\/users\/41"}],"replies":[{"embeddable":true,"href":"https:\/\/archive.iask.hu\/en\/wp-json\/wp\/v2\/comments?post=19095"}],"version-history":[{"count":3,"href":"https:\/\/archive.iask.hu\/en\/wp-json\/wp\/v2\/posts\/19095\/revisions"}],"predecessor-version":[{"id":19103,"href":"https:\/\/archive.iask.hu\/en\/wp-json\/wp\/v2\/posts\/19095\/revisions\/19103"}],"wp:featuredmedia":[{"embeddable":true,"href":"https:\/\/archive.iask.hu\/en\/wp-json\/wp\/v2\/media\/13060"}],"wp:attachment":[{"href":"https:\/\/archive.iask.hu\/en\/wp-json\/wp\/v2\/media?parent=19095"}],"wp:term":[{"taxonomy":"category","embeddable":true,"href":"https:\/\/archive.iask.hu\/en\/wp-json\/wp\/v2\/categories?post=19095"},{"taxonomy":"post_tag","embeddable":true,"href":"https:\/\/archive.iask.hu\/en\/wp-json\/wp\/v2\/tags?post=19095"}],"curies":[{"name":"wp","href":"https:\/\/api.w.org\/{rel}","templated":true}]}}