{"id":22359,"date":"2021-07-28T10:51:18","date_gmt":"2021-07-28T08:51:18","guid":{"rendered":"https:\/\/archive.iask.hu\/?p=22359"},"modified":"2021-10-12T14:15:48","modified_gmt":"2021-10-12T12:15:48","slug":"fejerdy-tamas-icomos-iask-fti-koszegfacades-colouring-historical-tortenelmi-epulet-homlokzati-szinezes-szabalyok-rules","status":"publish","type":"post","link":"https:\/\/archive.iask.hu\/en\/colours-and-shadows-tamas-fejerdys-guidelines-on-the-colouration-of-facades-of-historic-buildings\/","title":{"rendered":"Colours and shadows \u2013 Tam\u00e1s Fej\u00e9rdy\u2019s guidelines on the colouration of facades of historic buildings"},"content":{"rendered":"<p><iframe loading=\"lazy\" title=\"YouTube video player\" src=\"https:\/\/www.youtube.com\/embed\/a6TciVBxE78\" width=\"560\" height=\"315\" frameborder=\"0\" allowfullscreen=\"allowfullscreen\"><\/iframe><\/p>\n<h4>The new book by architect Tam\u00e1s Fej\u00e9rdy will be published by FTI-iASK at the end of October.<\/h4>\n<p>In the book review video, we sought answers to the following questions:- What are the professional criteria for determining the colour of the facade of a listed building?<br \/>\n\u2013 What is the colour range to choose from and how many colours should be used for a fa\u00e7ade?<br \/>\n\u2013 In the case of privately owned listed buildings, what are the rights of the owner to have a say?<br \/>\n\u2013 How permanent and timeless are they, and how flexible are the rules on the renovation of listed buildings?<\/p>\n<h4>Tam\u00e1s Fej\u00e9rdy\u2019s book \u201cGuidelines for the colouration of facades of historic buildings\u201d is available for pre-order from FTI-iASK Publishing at &#x69;&#x6e;&#x66;&#x6f;&#x40;&#x61;&#114;&#99;&#104;&#105;ve&#46;i&#x61;&#x73;&#x6b;&#x2e;&#x68;&#x75;.<\/h4>\n","protected":false},"excerpt":{"rendered":"<p>Tam\u00e1s Fej\u00e9rdy\u2019s book is available for pre-order from FTI-iASK Publishing at i&#110;&#102;&#x6f;&#x40;&#x61;rc&#104;&#105;&#x76;&#x65;&#x2e;i&#97;&#115;&#107;&#x2e;&#x68;&#x75;.<\/p>\n","protected":false},"author":41,"featured_media":22360,"comment_status":"closed","ping_status":"closed","sticky":false,"template":"","format":"standard","meta":{"footnotes":""},"categories":[109,38,238,134],"tags":[],"yoast_head":"<!-- This site is optimized with the Yoast SEO plugin v16.7 - https:\/\/yoast.com\/wordpress\/plugins\/seo\/ -->\n<title>Colours and shadows \u2013 Tam\u00e1s Fej\u00e9rdy\u2019s guidelines on the colouration of facades of historic buildings - iASK - Institute of Advanced Studies K\u0151szeg<\/title>\n<meta name=\"robots\" content=\"index, follow, max-snippet:-1, max-image-preview:large, max-video-preview:-1\" \/>\n<link rel=\"canonical\" href=\"http:\/\/archive.iask.hu\/en\/?p=22359\" \/>\n<meta property=\"og:locale\" content=\"en_US\" \/>\n<meta property=\"og:type\" content=\"article\" \/>\n<meta property=\"og:title\" content=\"Colours and shadows \u2013 Tam\u00e1s Fej\u00e9rdy\u2019s guidelines on the colouration of facades of historic buildings - iASK - Institute of Advanced Studies K\u0151szeg\" \/>\n<meta property=\"og:description\" content=\"Tam\u00e1s Fej\u00e9rdy\u2019s book is available for pre-order from FTI-iASK Publishing at info@archive.iask.hu.\" \/>\n<meta property=\"og:url\" content=\"http:\/\/archive.iask.hu\/en\/?p=22359\" \/>\n<meta property=\"og:site_name\" content=\"iASK - Institute of Advanced Studies K\u0151szeg\" \/>\n<meta property=\"article:published_time\" content=\"2021-07-28T08:51:18+00:00\" \/>\n<meta property=\"article:modified_time\" content=\"2021-10-12T12:15:48+00:00\" \/>\n<meta property=\"og:image\" content=\"http:\/\/archive.iask.hu\/wp-content\/uploads\/2021\/07\/koszegi-homlokzat-small.png\" \/>\n\t<meta property=\"og:image:width\" content=\"808\" \/>\n\t<meta property=\"og:image:height\" content=\"538\" \/>\n<meta name=\"twitter:card\" content=\"summary_large_image\" \/>\n<meta name=\"twitter:label1\" content=\"Written by\" \/>\n\t<meta name=\"twitter:data1\" content=\"Bal\u00e1zs Heged\u0171s\" \/>\n\t<meta name=\"twitter:label2\" content=\"Est. reading time\" \/>\n\t<meta name=\"twitter:data2\" content=\"1 minute\" \/>\n<script type=\"application\/ld+json\" class=\"yoast-schema-graph\">{\"@context\":\"https:\/\/schema.org\",\"@graph\":[{\"@type\":\"WebSite\",\"@id\":\"https:\/\/archive.iask.hu\/en\/#website\",\"url\":\"https:\/\/archive.iask.hu\/en\/\",\"name\":\"iASK - Institute of Advanced Studies K\\u0151szeg\",\"description\":\"It is the mission of iASK to bring together a critical mass of intellectually open, courageous and knowledge-sharing practitioners \\u2013 those that know that everything is at risk and that conventional research will simply not do, only creative and unusual combinations of ideas.\",\"potentialAction\":[{\"@type\":\"SearchAction\",\"target\":{\"@type\":\"EntryPoint\",\"urlTemplate\":\"https:\/\/archive.iask.hu\/en\/?s={search_term_string}\"},\"query-input\":\"required name=search_term_string\"}],\"inLanguage\":\"en-US\"},{\"@type\":\"ImageObject\",\"@id\":\"http:\/\/archive.iask.hu\/en\/?p=22359#primaryimage\",\"inLanguage\":\"en-US\",\"url\":\"https:\/\/archive.iask.hu\/wp-content\/uploads\/2021\/07\/koszegi-homlokzat-small.png\",\"contentUrl\":\"https:\/\/archive.iask.hu\/wp-content\/uploads\/2021\/07\/koszegi-homlokzat-small.png\",\"width\":808,\"height\":538},{\"@type\":\"WebPage\",\"@id\":\"http:\/\/archive.iask.hu\/en\/?p=22359#webpage\",\"url\":\"http:\/\/archive.iask.hu\/en\/?p=22359\",\"name\":\"Colours and shadows \\u2013 Tam\\u00e1s Fej\\u00e9rdy\\u2019s guidelines on the colouration of facades of historic buildings - iASK - Institute of Advanced Studies K\\u0151szeg\",\"isPartOf\":{\"@id\":\"https:\/\/archive.iask.hu\/en\/#website\"},\"primaryImageOfPage\":{\"@id\":\"http:\/\/archive.iask.hu\/en\/?p=22359#primaryimage\"},\"datePublished\":\"2021-07-28T08:51:18+00:00\",\"dateModified\":\"2021-10-12T12:15:48+00:00\",\"author\":{\"@id\":\"https:\/\/archive.iask.hu\/en\/#\/schema\/person\/035fd4e4ffcc592e96119c3d013c8825\"},\"breadcrumb\":{\"@id\":\"http:\/\/archive.iask.hu\/en\/?p=22359#breadcrumb\"},\"inLanguage\":\"en-US\",\"potentialAction\":[{\"@type\":\"ReadAction\",\"target\":[\"http:\/\/archive.iask.hu\/en\/?p=22359\"]}]},{\"@type\":\"BreadcrumbList\",\"@id\":\"http:\/\/archive.iask.hu\/en\/?p=22359#breadcrumb\",\"itemListElement\":[{\"@type\":\"ListItem\",\"position\":1,\"name\":\"Home\",\"item\":\"https:\/\/archive.iask.hu\/en\/\"},{\"@type\":\"ListItem\",\"position\":2,\"name\":\"Colours and shadows \\u2013 Tam\\u00e1s Fej\\u00e9rdy\\u2019s guidelines on the colouration of facades of historic buildings\"}]},{\"@type\":\"Person\",\"@id\":\"https:\/\/archive.iask.hu\/en\/#\/schema\/person\/035fd4e4ffcc592e96119c3d013c8825\",\"name\":\"Bal\\u00e1zs Heged\\u0171s\",\"image\":{\"@type\":\"ImageObject\",\"@id\":\"https:\/\/archive.iask.hu\/en\/#personlogo\",\"inLanguage\":\"en-US\",\"url\":\"https:\/\/secure.gravatar.com\/avatar\/08c2d1318b6f018b97088830599c0d78?s=96&d=mm&r=g\",\"contentUrl\":\"https:\/\/secure.gravatar.com\/avatar\/08c2d1318b6f018b97088830599c0d78?s=96&d=mm&r=g\",\"caption\":\"Bal\\u00e1zs Heged\\u0171s\"},\"url\":\"https:\/\/archive.iask.hu\/en\/author\/balazs-hegedus\/\"}]}<\/script>\n<!-- \/ Yoast SEO plugin. -->","yoast_head_json":{"title":"Colours and shadows \u2013 Tam\u00e1s Fej\u00e9rdy\u2019s guidelines on the colouration of facades of historic buildings - iASK - Institute of Advanced Studies K\u0151szeg","robots":{"index":"index","follow":"follow","max-snippet":"max-snippet:-1","max-image-preview":"max-image-preview:large","max-video-preview":"max-video-preview:-1"},"canonical":"http:\/\/archive.iask.hu\/en\/?p=22359","og_locale":"en_US","og_type":"article","og_title":"Colours and shadows \u2013 Tam\u00e1s Fej\u00e9rdy\u2019s guidelines on the colouration of facades of historic buildings - iASK - Institute of Advanced Studies K\u0151szeg","og_description":"Tam\u00e1s Fej\u00e9rdy\u2019s book is available for pre-order from FTI-iASK Publishing at info@archive.iask.hu.","og_url":"http:\/\/archive.iask.hu\/en\/?p=22359","og_site_name":"iASK - Institute of Advanced Studies K\u0151szeg","article_published_time":"2021-07-28T08:51:18+00:00","article_modified_time":"2021-10-12T12:15:48+00:00","og_image":[{"width":808,"height":538,"url":"http:\/\/archive.iask.hu\/wp-content\/uploads\/2021\/07\/koszegi-homlokzat-small.png","path":"\/home\/archive\/public_html\/wp-content\/uploads\/2021\/07\/koszegi-homlokzat-small.png","size":"full","id":22360,"alt":"","pixels":434704,"type":"image\/png"}],"twitter_card":"summary_large_image","twitter_misc":{"Written by":"Bal\u00e1zs Heged\u0171s","Est. reading time":"1 minute"},"schema":{"@context":"https:\/\/schema.org","@graph":[{"@type":"WebSite","@id":"https:\/\/archive.iask.hu\/en\/#website","url":"https:\/\/archive.iask.hu\/en\/","name":"iASK - Institute of Advanced Studies K\u0151szeg","description":"It is the mission of iASK to bring together a critical mass of intellectually open, courageous and knowledge-sharing practitioners \u2013 those that know that everything is at risk and that conventional research will simply not do, only creative and unusual combinations of ideas.","potentialAction":[{"@type":"SearchAction","target":{"@type":"EntryPoint","urlTemplate":"https:\/\/archive.iask.hu\/en\/?s={search_term_string}"},"query-input":"required name=search_term_string"}],"inLanguage":"en-US"},{"@type":"ImageObject","@id":"http:\/\/archive.iask.hu\/en\/?p=22359#primaryimage","inLanguage":"en-US","url":"https:\/\/archive.iask.hu\/wp-content\/uploads\/2021\/07\/koszegi-homlokzat-small.png","contentUrl":"https:\/\/archive.iask.hu\/wp-content\/uploads\/2021\/07\/koszegi-homlokzat-small.png","width":808,"height":538},{"@type":"WebPage","@id":"http:\/\/archive.iask.hu\/en\/?p=22359#webpage","url":"http:\/\/archive.iask.hu\/en\/?p=22359","name":"Colours and shadows \u2013 Tam\u00e1s Fej\u00e9rdy\u2019s guidelines on the colouration of facades of historic buildings - iASK - Institute of Advanced Studies K\u0151szeg","isPartOf":{"@id":"https:\/\/archive.iask.hu\/en\/#website"},"primaryImageOfPage":{"@id":"http:\/\/archive.iask.hu\/en\/?p=22359#primaryimage"},"datePublished":"2021-07-28T08:51:18+00:00","dateModified":"2021-10-12T12:15:48+00:00","author":{"@id":"https:\/\/archive.iask.hu\/en\/#\/schema\/person\/035fd4e4ffcc592e96119c3d013c8825"},"breadcrumb":{"@id":"http:\/\/archive.iask.hu\/en\/?p=22359#breadcrumb"},"inLanguage":"en-US","potentialAction":[{"@type":"ReadAction","target":["http:\/\/archive.iask.hu\/en\/?p=22359"]}]},{"@type":"BreadcrumbList","@id":"http:\/\/archive.iask.hu\/en\/?p=22359#breadcrumb","itemListElement":[{"@type":"ListItem","position":1,"name":"Home","item":"https:\/\/archive.iask.hu\/en\/"},{"@type":"ListItem","position":2,"name":"Colours and shadows \u2013 Tam\u00e1s Fej\u00e9rdy\u2019s guidelines on the colouration of facades of historic buildings"}]},{"@type":"Person","@id":"https:\/\/archive.iask.hu\/en\/#\/schema\/person\/035fd4e4ffcc592e96119c3d013c8825","name":"Bal\u00e1zs Heged\u0171s","image":{"@type":"ImageObject","@id":"https:\/\/archive.iask.hu\/en\/#personlogo","inLanguage":"en-US","url":"https:\/\/secure.gravatar.com\/avatar\/08c2d1318b6f018b97088830599c0d78?s=96&d=mm&r=g","contentUrl":"https:\/\/secure.gravatar.com\/avatar\/08c2d1318b6f018b97088830599c0d78?s=96&d=mm&r=g","caption":"Bal\u00e1zs Heged\u0171s"},"url":"https:\/\/archive.iask.hu\/en\/author\/balazs-hegedus\/"}]}},"_links":{"self":[{"href":"https:\/\/archive.iask.hu\/en\/wp-json\/wp\/v2\/posts\/22359"}],"collection":[{"href":"https:\/\/archive.iask.hu\/en\/wp-json\/wp\/v2\/posts"}],"about":[{"href":"https:\/\/archive.iask.hu\/en\/wp-json\/wp\/v2\/types\/post"}],"author":[{"embeddable":true,"href":"https:\/\/archive.iask.hu\/en\/wp-json\/wp\/v2\/users\/41"}],"replies":[{"embeddable":true,"href":"https:\/\/archive.iask.hu\/en\/wp-json\/wp\/v2\/comments?post=22359"}],"version-history":[{"count":6,"href":"https:\/\/archive.iask.hu\/en\/wp-json\/wp\/v2\/posts\/22359\/revisions"}],"predecessor-version":[{"id":22974,"href":"https:\/\/archive.iask.hu\/en\/wp-json\/wp\/v2\/posts\/22359\/revisions\/22974"}],"wp:featuredmedia":[{"embeddable":true,"href":"https:\/\/archive.iask.hu\/en\/wp-json\/wp\/v2\/media\/22360"}],"wp:attachment":[{"href":"https:\/\/archive.iask.hu\/en\/wp-json\/wp\/v2\/media?parent=22359"}],"wp:term":[{"taxonomy":"category","embeddable":true,"href":"https:\/\/archive.iask.hu\/en\/wp-json\/wp\/v2\/categories?post=22359"},{"taxonomy":"post_tag","embeddable":true,"href":"https:\/\/archive.iask.hu\/en\/wp-json\/wp\/v2\/tags?post=22359"}],"curies":[{"name":"wp","href":"https:\/\/api.w.org\/{rel}","templated":true}]}}