{"id":9729,"date":"2018-03-15T11:35:10","date_gmt":"2018-03-15T10:35:10","guid":{"rendered":"https:\/\/archive.iask.hu\/hu\/?p=9729"},"modified":"2019-07-26T08:11:21","modified_gmt":"2019-07-26T06:11:21","slug":"alombol-valosag-kraft-program-fejlesztesei-koszegen","status":"publish","type":"post","link":"https:\/\/archive.iask.hu\/en\/a-dream-has-become-reality-in-koszeg\/","title":{"rendered":"A Dream has Become Reality in K\u0151szeg \u2013 Creative Cities and Sustainable Regions program"},"content":{"rendered":"<blockquote><p><em>Relying on Ferenc Miszlivetz\u2019s ideas, the \u2018Creative Cities and Sustainable Regions\u2019<\/em><em> (KRAFT) concept had been formulated and its systematic development commenced in 2012 with assistance from the Hungarian government.<\/em><\/p><\/blockquote>\n<p><em>Infrastructure improvements of the town, renovation of the related historic buildings, expansion of local services and establishment of bonds of cooperation all contribute to the competitiveness of K\u0151szeg in the international arena.<\/em><\/p>\n<p><em>K\u0151szeg has several decades of catching up to do whereby the outstanding, unique KRAFT program presents an unprecedented opportunity for this small town. Thanks to governmental support, the town has been being renewed step by step with the harmonised, continuous involvement of relevant partners.<\/em><\/p>\n<p><em>K\u0151szeg, that is a town of schools and historic buildings, has been being renewed nowadays. Its geographical location, uniform built heritage, peerless historical and civic traditions and its long history as a school town enhance its potential to become a novel knowledge centre, thus integrating Hungary into the international scientific and cultural sphere.<\/em><\/p>\n<h4><a href=\"https:\/\/archive.iask.hu\/hu\/alombol-valosag-koszegen-kreativ-varos-fenntarthato-videk-kraft-program\/\">More details are available only in Hungarian!<\/a><\/h4>\n<p>&nbsp;<\/p>\n","protected":false},"excerpt":{"rendered":"<p>(Magyar) \u00a0A v\u00e1rost f\u00f6ldrajzi helyzete, egys\u00e9ges \u00e9p\u00edtett \u00f6r\u00f6ks\u00e9ge, p\u00e1ratlan t\u00f6rt\u00e9nelmi \u00e9s polg\u00e1ri hagyom\u00e1nyai, illetve iskolav\u00e1rosi m\u00faltja alkalmass\u00e1 teszik arra, hogy \u00faj t\u00edpus\u00fa tud\u00e1sk\u00f6zpontt\u00e1 v\u00e1ljon<\/p>\n","protected":false},"author":41,"featured_media":9782,"comment_status":"closed","ping_status":"closed","sticky":false,"template":"","format":"standard","meta":{"footnotes":""},"categories":[85,109,67,38,1,238],"tags":[],"yoast_head":"<!-- This site is optimized with the Yoast SEO plugin v16.7 - https:\/\/yoast.com\/wordpress\/plugins\/seo\/ -->\n<title>A Dream has Become Reality in K\u0151szeg \u2013 Creative Cities and Sustainable Regions program - iASK - Institute of Advanced Studies K\u0151szeg<\/title>\n<meta name=\"robots\" content=\"index, follow, max-snippet:-1, max-image-preview:large, max-video-preview:-1\" \/>\n<link rel=\"canonical\" href=\"https:\/\/archive.iask.hu\/hu\/alombol-valosag-koszegen-kreativ-varos-fenntarthato-videk-kraft-program\/\" \/>\n<meta property=\"og:locale\" content=\"en_US\" \/>\n<meta property=\"og:type\" content=\"article\" \/>\n<meta property=\"og:title\" content=\"A Dream has Become Reality in K\u0151szeg \u2013 Creative Cities and Sustainable Regions program - iASK - Institute of Advanced Studies K\u0151szeg\" \/>\n<meta property=\"og:description\" content=\"(Magyar) \u00a0A v\u00e1rost f\u00f6ldrajzi helyzete, egys\u00e9ges \u00e9p\u00edtett \u00f6r\u00f6ks\u00e9ge, p\u00e1ratlan t\u00f6rt\u00e9nelmi \u00e9s polg\u00e1ri hagyom\u00e1nyai, illetve iskolav\u00e1rosi m\u00faltja alkalmass\u00e1 teszik arra, hogy \u00faj t\u00edpus\u00fa tud\u00e1sk\u00f6zpontt\u00e1 v\u00e1ljon\" \/>\n<meta property=\"og:url\" content=\"https:\/\/archive.iask.hu\/hu\/alombol-valosag-koszegen-kreativ-varos-fenntarthato-videk-kraft-program\/\" \/>\n<meta property=\"og:site_name\" content=\"iASK - Institute of Advanced Studies K\u0151szeg\" \/>\n<meta property=\"article:published_time\" content=\"2018-03-15T10:35:10+00:00\" \/>\n<meta property=\"article:modified_time\" content=\"2019-07-26T06:11:21+00:00\" \/>\n<meta property=\"og:image\" content=\"http:\/\/archive.iask.hu\/wp-content\/uploads\/2018\/05\/sgraffitos-fokep.jpg\" \/>\n\t<meta property=\"og:image:width\" content=\"960\" \/>\n\t<meta property=\"og:image:height\" content=\"630\" \/>\n<meta name=\"twitter:card\" content=\"summary_large_image\" \/>\n<meta name=\"twitter:label1\" content=\"Written by\" \/>\n\t<meta name=\"twitter:data1\" content=\"Bal\u00e1zs Heged\u0171s\" \/>\n\t<meta name=\"twitter:label2\" content=\"Est. reading time\" \/>\n\t<meta name=\"twitter:data2\" content=\"1 minute\" \/>\n<script type=\"application\/ld+json\" class=\"yoast-schema-graph\">{\"@context\":\"https:\/\/schema.org\",\"@graph\":[{\"@type\":\"WebSite\",\"@id\":\"https:\/\/archive.iask.hu\/en\/#website\",\"url\":\"https:\/\/archive.iask.hu\/en\/\",\"name\":\"iASK - Institute of Advanced Studies K\\u0151szeg\",\"description\":\"It is the mission of iASK to bring together a critical mass of intellectually open, courageous and knowledge-sharing practitioners \\u2013 those that know that everything is at risk and that conventional research will simply not do, only creative and unusual combinations of ideas.\",\"potentialAction\":[{\"@type\":\"SearchAction\",\"target\":{\"@type\":\"EntryPoint\",\"urlTemplate\":\"https:\/\/archive.iask.hu\/en\/?s={search_term_string}\"},\"query-input\":\"required name=search_term_string\"}],\"inLanguage\":\"en-US\"},{\"@type\":\"ImageObject\",\"@id\":\"https:\/\/archive.iask.hu\/hu\/alombol-valosag-koszegen-kreativ-varos-fenntarthato-videk-kraft-program\/#primaryimage\",\"inLanguage\":\"en-US\",\"url\":\"https:\/\/archive.iask.hu\/wp-content\/uploads\/2018\/05\/sgraffitos-fokep.jpg\",\"contentUrl\":\"https:\/\/archive.iask.hu\/wp-content\/uploads\/2018\/05\/sgraffitos-fokep.jpg\",\"width\":960,\"height\":630},{\"@type\":\"WebPage\",\"@id\":\"https:\/\/archive.iask.hu\/hu\/alombol-valosag-koszegen-kreativ-varos-fenntarthato-videk-kraft-program\/#webpage\",\"url\":\"https:\/\/archive.iask.hu\/hu\/alombol-valosag-koszegen-kreativ-varos-fenntarthato-videk-kraft-program\/\",\"name\":\"A Dream has Become Reality in K\\u0151szeg \\u2013 Creative Cities and Sustainable Regions program - iASK - Institute of Advanced Studies K\\u0151szeg\",\"isPartOf\":{\"@id\":\"https:\/\/archive.iask.hu\/en\/#website\"},\"primaryImageOfPage\":{\"@id\":\"https:\/\/archive.iask.hu\/hu\/alombol-valosag-koszegen-kreativ-varos-fenntarthato-videk-kraft-program\/#primaryimage\"},\"datePublished\":\"2018-03-15T10:35:10+00:00\",\"dateModified\":\"2019-07-26T06:11:21+00:00\",\"author\":{\"@id\":\"https:\/\/archive.iask.hu\/en\/#\/schema\/person\/035fd4e4ffcc592e96119c3d013c8825\"},\"breadcrumb\":{\"@id\":\"https:\/\/archive.iask.hu\/hu\/alombol-valosag-koszegen-kreativ-varos-fenntarthato-videk-kraft-program\/#breadcrumb\"},\"inLanguage\":\"en-US\",\"potentialAction\":[{\"@type\":\"ReadAction\",\"target\":[\"https:\/\/archive.iask.hu\/hu\/alombol-valosag-koszegen-kreativ-varos-fenntarthato-videk-kraft-program\/\"]}]},{\"@type\":\"BreadcrumbList\",\"@id\":\"https:\/\/archive.iask.hu\/hu\/alombol-valosag-koszegen-kreativ-varos-fenntarthato-videk-kraft-program\/#breadcrumb\",\"itemListElement\":[{\"@type\":\"ListItem\",\"position\":1,\"name\":\"Home\",\"item\":\"https:\/\/archive.iask.hu\/en\/\"},{\"@type\":\"ListItem\",\"position\":2,\"name\":\"\\u00c1lomb\\u00f3l val\\u00f3s\\u00e1g &#8211; A KRAFT program fejleszt\\u00e9sei K\\u0151szegen\"}]},{\"@type\":\"Person\",\"@id\":\"https:\/\/archive.iask.hu\/en\/#\/schema\/person\/035fd4e4ffcc592e96119c3d013c8825\",\"name\":\"Bal\\u00e1zs Heged\\u0171s\",\"image\":{\"@type\":\"ImageObject\",\"@id\":\"https:\/\/archive.iask.hu\/en\/#personlogo\",\"inLanguage\":\"en-US\",\"url\":\"https:\/\/secure.gravatar.com\/avatar\/08c2d1318b6f018b97088830599c0d78?s=96&d=mm&r=g\",\"contentUrl\":\"https:\/\/secure.gravatar.com\/avatar\/08c2d1318b6f018b97088830599c0d78?s=96&d=mm&r=g\",\"caption\":\"Bal\\u00e1zs Heged\\u0171s\"},\"url\":\"https:\/\/archive.iask.hu\/en\/author\/balazs-hegedus\/\"}]}<\/script>\n<!-- \/ Yoast SEO plugin. -->","yoast_head_json":{"title":"A Dream has Become Reality in K\u0151szeg \u2013 Creative Cities and Sustainable Regions program - iASK - Institute of Advanced Studies K\u0151szeg","robots":{"index":"index","follow":"follow","max-snippet":"max-snippet:-1","max-image-preview":"max-image-preview:large","max-video-preview":"max-video-preview:-1"},"canonical":"https:\/\/archive.iask.hu\/hu\/alombol-valosag-koszegen-kreativ-varos-fenntarthato-videk-kraft-program\/","og_locale":"en_US","og_type":"article","og_title":"A Dream has Become Reality in K\u0151szeg \u2013 Creative Cities and Sustainable Regions program - iASK - Institute of Advanced Studies K\u0151szeg","og_description":"(Magyar) \u00a0A v\u00e1rost f\u00f6ldrajzi helyzete, egys\u00e9ges \u00e9p\u00edtett \u00f6r\u00f6ks\u00e9ge, p\u00e1ratlan t\u00f6rt\u00e9nelmi \u00e9s polg\u00e1ri hagyom\u00e1nyai, illetve iskolav\u00e1rosi m\u00faltja alkalmass\u00e1 teszik arra, hogy \u00faj t\u00edpus\u00fa tud\u00e1sk\u00f6zpontt\u00e1 v\u00e1ljon","og_url":"https:\/\/archive.iask.hu\/hu\/alombol-valosag-koszegen-kreativ-varos-fenntarthato-videk-kraft-program\/","og_site_name":"iASK - Institute of Advanced Studies K\u0151szeg","article_published_time":"2018-03-15T10:35:10+00:00","article_modified_time":"2019-07-26T06:11:21+00:00","og_image":[{"width":960,"height":630,"url":"http:\/\/archive.iask.hu\/wp-content\/uploads\/2018\/05\/sgraffitos-fokep.jpg","path":"\/home\/archive\/public_html\/wp-content\/uploads\/2018\/05\/sgraffitos-fokep.jpg","size":"full","id":9782,"alt":"","pixels":604800,"type":"image\/jpeg"}],"twitter_card":"summary_large_image","twitter_misc":{"Written by":"Bal\u00e1zs Heged\u0171s","Est. reading time":"1 minute"},"schema":{"@context":"https:\/\/schema.org","@graph":[{"@type":"WebSite","@id":"https:\/\/archive.iask.hu\/en\/#website","url":"https:\/\/archive.iask.hu\/en\/","name":"iASK - Institute of Advanced Studies K\u0151szeg","description":"It is the mission of iASK to bring together a critical mass of intellectually open, courageous and knowledge-sharing practitioners \u2013 those that know that everything is at risk and that conventional research will simply not do, only creative and unusual combinations of ideas.","potentialAction":[{"@type":"SearchAction","target":{"@type":"EntryPoint","urlTemplate":"https:\/\/archive.iask.hu\/en\/?s={search_term_string}"},"query-input":"required name=search_term_string"}],"inLanguage":"en-US"},{"@type":"ImageObject","@id":"https:\/\/archive.iask.hu\/hu\/alombol-valosag-koszegen-kreativ-varos-fenntarthato-videk-kraft-program\/#primaryimage","inLanguage":"en-US","url":"https:\/\/archive.iask.hu\/wp-content\/uploads\/2018\/05\/sgraffitos-fokep.jpg","contentUrl":"https:\/\/archive.iask.hu\/wp-content\/uploads\/2018\/05\/sgraffitos-fokep.jpg","width":960,"height":630},{"@type":"WebPage","@id":"https:\/\/archive.iask.hu\/hu\/alombol-valosag-koszegen-kreativ-varos-fenntarthato-videk-kraft-program\/#webpage","url":"https:\/\/archive.iask.hu\/hu\/alombol-valosag-koszegen-kreativ-varos-fenntarthato-videk-kraft-program\/","name":"A Dream has Become Reality in K\u0151szeg \u2013 Creative Cities and Sustainable Regions program - iASK - Institute of Advanced Studies K\u0151szeg","isPartOf":{"@id":"https:\/\/archive.iask.hu\/en\/#website"},"primaryImageOfPage":{"@id":"https:\/\/archive.iask.hu\/hu\/alombol-valosag-koszegen-kreativ-varos-fenntarthato-videk-kraft-program\/#primaryimage"},"datePublished":"2018-03-15T10:35:10+00:00","dateModified":"2019-07-26T06:11:21+00:00","author":{"@id":"https:\/\/archive.iask.hu\/en\/#\/schema\/person\/035fd4e4ffcc592e96119c3d013c8825"},"breadcrumb":{"@id":"https:\/\/archive.iask.hu\/hu\/alombol-valosag-koszegen-kreativ-varos-fenntarthato-videk-kraft-program\/#breadcrumb"},"inLanguage":"en-US","potentialAction":[{"@type":"ReadAction","target":["https:\/\/archive.iask.hu\/hu\/alombol-valosag-koszegen-kreativ-varos-fenntarthato-videk-kraft-program\/"]}]},{"@type":"BreadcrumbList","@id":"https:\/\/archive.iask.hu\/hu\/alombol-valosag-koszegen-kreativ-varos-fenntarthato-videk-kraft-program\/#breadcrumb","itemListElement":[{"@type":"ListItem","position":1,"name":"Home","item":"https:\/\/archive.iask.hu\/en\/"},{"@type":"ListItem","position":2,"name":"\u00c1lomb\u00f3l val\u00f3s\u00e1g &#8211; A KRAFT program fejleszt\u00e9sei K\u0151szegen"}]},{"@type":"Person","@id":"https:\/\/archive.iask.hu\/en\/#\/schema\/person\/035fd4e4ffcc592e96119c3d013c8825","name":"Bal\u00e1zs Heged\u0171s","image":{"@type":"ImageObject","@id":"https:\/\/archive.iask.hu\/en\/#personlogo","inLanguage":"en-US","url":"https:\/\/secure.gravatar.com\/avatar\/08c2d1318b6f018b97088830599c0d78?s=96&d=mm&r=g","contentUrl":"https:\/\/secure.gravatar.com\/avatar\/08c2d1318b6f018b97088830599c0d78?s=96&d=mm&r=g","caption":"Bal\u00e1zs Heged\u0171s"},"url":"https:\/\/archive.iask.hu\/en\/author\/balazs-hegedus\/"}]}},"_links":{"self":[{"href":"https:\/\/archive.iask.hu\/en\/wp-json\/wp\/v2\/posts\/9729"}],"collection":[{"href":"https:\/\/archive.iask.hu\/en\/wp-json\/wp\/v2\/posts"}],"about":[{"href":"https:\/\/archive.iask.hu\/en\/wp-json\/wp\/v2\/types\/post"}],"author":[{"embeddable":true,"href":"https:\/\/archive.iask.hu\/en\/wp-json\/wp\/v2\/users\/41"}],"replies":[{"embeddable":true,"href":"https:\/\/archive.iask.hu\/en\/wp-json\/wp\/v2\/comments?post=9729"}],"version-history":[{"count":33,"href":"https:\/\/archive.iask.hu\/en\/wp-json\/wp\/v2\/posts\/9729\/revisions"}],"predecessor-version":[{"id":10220,"href":"https:\/\/archive.iask.hu\/en\/wp-json\/wp\/v2\/posts\/9729\/revisions\/10220"}],"wp:featuredmedia":[{"embeddable":true,"href":"https:\/\/archive.iask.hu\/en\/wp-json\/wp\/v2\/media\/9782"}],"wp:attachment":[{"href":"https:\/\/archive.iask.hu\/en\/wp-json\/wp\/v2\/media?parent=9729"}],"wp:term":[{"taxonomy":"category","embeddable":true,"href":"https:\/\/archive.iask.hu\/en\/wp-json\/wp\/v2\/categories?post=9729"},{"taxonomy":"post_tag","embeddable":true,"href":"https:\/\/archive.iask.hu\/en\/wp-json\/wp\/v2\/tags?post=9729"}],"curies":[{"name":"wp","href":"https:\/\/api.w.org\/{rel}","templated":true}]}}