{"id":15211,"date":"2019-11-30T14:04:07","date_gmt":"2019-11-30T13:04:07","guid":{"rendered":"https:\/\/archive.iask.hu\/hu\/?p=15211"},"modified":"2019-12-02T11:55:01","modified_gmt":"2019-12-02T10:55:01","slug":"magyar-hatarok","status":"publish","type":"post","link":"https:\/\/archive.iask.hu\/hu\/hatarok\/","title":{"rendered":"Hat\u00e1rok"},"content":{"rendered":"<p>Friss h\u00edr, hogy egy s\u00falyos, ritka \u00f6r\u00f6kl\u0151d\u0151 betegs\u00e9gben szenved\u0151k sz\u00e1m\u00e1ra kifejlesztett gy\u00f3gyszer hossz\u00fa id\u0151 ut\u00e1n <a href=\"https:\/\/www.kormany.hu\/hu\/emberi-eroforrasok-miniszteriuma\/hirek\/minden-18-ev-alatti-sma-s-beteg-megkaphatja-a-kezelest\">el\u00e9rhet\u0151v\u00e9 v\u00e1lt valamennyi gyermek sz\u00e1m\u00e1ra Magyarorsz\u00e1gon<\/a> is. S b\u00e1r k\u00fcl\u00f6n enged\u00e9llyel j\u00f3 n\u00e9h\u00e1nyan m\u00e1r eddigi is hozz\u00e1f\u00e9rhettek ehhez a kezel\u00e9shez, a teljes hozz\u00e1f\u00e9rhet\u0151s\u00e9g az orvosilag indokolt valamennyi beteg sz\u00e1m\u00e1ra jelent\u0151s el\u0151rel\u00e9p\u00e9s. M\u00e9g akkor is, ha el kell gondolkodnunk azon, mit b\u00edr el egy t\u00e1rsadalom az eg\u00e9szs\u00e9g\u00fcgyi ell\u00e1t\u00e1sok, gy\u00f3gyszerek adta lehet\u0151s\u00e9gek k\u00f6z\u00fcl azok k\u00f6lts\u00e9gei mellett. Mert a kiindul\u00e1si pontunk egyfel\u0151l az, hogy az eg\u00e9szs\u00e9g a legfontosabb \u00e9s minden p\u00e9nzt meg\u00e9r, m\u00e1sfel\u0151l olyan \u00faj elj\u00e1r\u00e1sok, gy\u00f3gyszerek, c\u00e9lzott diagnosztikai megold\u00e1sok \u00e9s gy\u00f3gykezel\u00e9sek kombin\u00e1ci\u00f3i \u00e1llnak rendelkez\u00e9sre \u00e9s v\u00e1rnak a finansz\u00edroz\u00f3k \u00e1ltali befogad\u00e1sra, amelyeket ma m\u00e1r egyetlen orsz\u00e1g sem tud megengedni mag\u00e1nak korl\u00e1toz\u00e1sok n\u00e9lk\u00fcl. Mindemellett jelenik meg az az adat, hogy az<a href=\"http:\/\/konyvtar.uni-pannon.hu\/sites\/default\/files\/uploads\/phd\/2017\/Koczor-Keul_Melinda_dissertation.pdf\"> \u00e9let utols\u00f3 hat-h\u00e9t h\u00f3napj\u00e1ban k\u00f6ltj\u00fck el<\/a> az eg\u00e9szs\u00e9g\u00fcgyi kiad\u00e1sok jelent\u0151s r\u00e9sz\u00e9t egy ember \u00e9lete sor\u00e1n.<\/p>\n<p><img loading=\"lazy\" decoding=\"async\" class=\"aligncenter size-medium wp-image-15212\" src=\"http:\/\/archive.iask.hu\/wp-content\/uploads\/2019\/11\/skin-3358873_1920-300x210.jpg\" alt=\"\" width=\"300\" height=\"210\" srcset=\"https:\/\/archive.iask.hu\/wp-content\/uploads\/2019\/11\/skin-3358873_1920-300x210.jpg 300w, https:\/\/archive.iask.hu\/wp-content\/uploads\/2019\/11\/skin-3358873_1920-768x538.jpg 768w, https:\/\/archive.iask.hu\/wp-content\/uploads\/2019\/11\/skin-3358873_1920-1024x717.jpg 1024w, https:\/\/archive.iask.hu\/wp-content\/uploads\/2019\/11\/skin-3358873_1920.jpg 1920w\" sizes=\"(max-width: 300px) 100vw, 300px\" \/>A gy\u00f3gyszerfejleszt\u00e9s \u00fajabb lend\u00fcletet kapott az ut\u00f3bbi \u00e9vtizedben \u00e9s ma m\u00e1r a sejten bel\u00fcli folyamatokat rendk\u00edv\u00fcl c\u00e9lzott m\u00f3don befoly\u00e1solni tud\u00f3 k\u00e9sz\u00edtm\u00e9nyek \u00e1llnak rendelkez\u00e9sre, \u00e9s m\u00e9g t\u00f6bb van a kutat\u00e1s-fejleszt\u00e9si folyamat valamelyik f\u00e1zis\u00e1ban. Ezekre a nagy pontoss\u00e1g\u00fa c\u00e9lzotts\u00e1guk \u00e9s el\u0151rejelezhet\u0151 hat\u00e1suk mellett az eddig elk\u00e9pzelhetetlen \u00e1ruk is jellemz\u0151. M\u00edg a kor\u00e1bb biol\u00f3giai kezel\u00e9sek \u00e9lvonal\u00e1t a n\u00e9h\u00e1ny t\u00edz milli\u00f3 forint \u00e9ves k\u00f6lts\u00e9g\u0171 gy\u00f3gyszerek k\u00e9pviselt\u00e9k, a mostani technol\u00f3giai \u00fajdons\u00e1gok k\u00f6z\u00fcl m\u00e1r nem egy a sz\u00e1z milli\u00f3 forintos nagys\u00e1grendben mozog. Ezek m\u00e1r olyan \u00f6sszegek, amelyekn\u00e9l minden t\u00e1rsadalomnak meg kell fontolnia, milyen esetekben \u00e9s kiknek adja. Ez mindenhol fejt\u00f6r\u00e9st, \u00faj finansz\u00edroz\u00e1si modelleket, \u00faj \u00e9rt\u00e9kel\u00e9si megold\u00e1sokat k\u00edv\u00e1n. \u00daj t\u00e1rsadalmi szeml\u00e9letet \u00e9s \u00faj t\u00e1rsadalmi szerz\u0151d\u00e9st. A kezel\u00e9seket m\u00e1r v\u00e9gk\u00e9pp nem vizsg\u00e1lhatjuk \u00f6nmagukban, sokkal ink\u00e1bb azt kell figyelembe venn\u00fcnk, hogy az \u00e9let teljes v\u00e1rhat\u00f3 hossz\u00e1ra vet\u00edtve melyek azok a k\u00f6lts\u00e9gek, amelyeket \u00e9rdemes t\u00e1rsadalmi szinten felv\u00e1llalni. A szem\u00e9lyre szabott gy\u00f3gykezel\u00e9sek kor\u00e1nak bek\u00f6sz\u00f6nt\u00e9vel a finansz\u00edroz\u00e1s \u00e9s t\u00e1rsadalmi egy\u00fcttm\u0171k\u00f6d\u00e9s, k\u00f6z\u00f6ss\u00e9gi kock\u00e1zatv\u00e1llal\u00e1s m\u00f3dszereit is \u00fajra kell gondoljuk.<\/p>\n<p>Az, hogy a gy\u00f3gyszerek az egyes orsz\u00e1gok sz\u00e1m\u00e1ra m\u00e1s-m\u00e1s \u00e9rt\u00e9ket k\u00e9pviselnek, eur\u00f3pai \u00f6sszehasonl\u00edt\u00e1sban j\u00f3l l\u00e1tszik. A t\u00f6rzsk\u00f6nyvezett gy\u00f3gyszerek t\u00e1mogatott hozz\u00e1f\u00e9rhet\u0151s\u00e9ge Ausztri\u00e1ban, N\u00e9metorsz\u00e1gban, az Egyes\u00fclt Kir\u00e1lys\u00e1gban \u00e9s D\u00e1ni\u00e1ban a legnagyobb m\u00e9rt\u00e9k\u0171, 80% f\u00f6l\u00f6tti, a legalacsonyabb Horv\u00e1torsz\u00e1gban, Lettorsz\u00e1gban \u00e9s Litv\u00e1ni\u00e1ban, ahol csup\u00e1n 10% kerek\u00edtve. <a href=\"https:\/\/futureproofinghealthcare.com\/sustainability-index\/hungary\" class=\"broken_link\">Mi a k\u00f6z\u00e9pmez\u0151ny v\u00e9g\u00e9n vagyunk Csehorsz\u00e1ggal egy\u00fctt \u00e9ppen 40% alatt,<\/a> k\u00f6zvetlen\u00fcl Szlov\u00e1kia m\u00f6g\u00f6tt (45%), lemaradva Szlov\u00e9ni\u00e1t\u00f3l, ahol 50% feletti ez az ar\u00e1ny. S b\u00e1r a gy\u00f3gyszer t\u00e1volr\u00f3l sem egyezik meg a kezel\u00e9ssel, az adott orsz\u00e1g eg\u00e9sz\u00e9g-\u00f6sszpolitikai szeml\u00e9let\u00e9t j\u00f3l t\u00fckr\u00f6zi ez az adatsor, k\u00fcl\u00f6n\u00f6sen a fenntarthat\u00f3 eg\u00e9szs\u00e9g\u00fcgy m\u00e1s mutat\u00f3ival \u00f6sszevetve.<\/p>\n<p><a href=\"https:\/\/archive.iask.hu\/hu\/people\/lantos-zoltan\/\">Lantos Zolt\u00e1n<\/a>, <a href=\"https:\/\/archive.iask.hu\/hu\/kraft-kozpont\/kreativ-varos-es-fenntarthato-videk-kozpont\/\">KRAFT<\/a> T\u00e1rsadalmi Innov\u00e1ci\u00f3<\/p>\n","protected":false},"excerpt":{"rendered":"<p>Friss h\u00edr, hogy egy s\u00falyos, ritka \u00f6r\u00f6kl\u0151d\u0151 betegs\u00e9gben szenved\u0151k sz\u00e1m\u00e1ra kifejlesztett gy\u00f3gyszer hossz\u00fa id\u0151 ut\u00e1n el\u00e9rhet\u0151v\u00e9 v\u00e1lt valamennyi gyermek sz\u00e1m\u00e1ra Magyarorsz\u00e1gon is. S b\u00e1r k\u00fcl\u00f6n enged\u00e9llyel j\u00f3 n\u00e9h\u00e1nyan m\u00e1r eddigi is hozz\u00e1f\u00e9rhettek ehhez a kezel\u00e9shez, a teljes hozz\u00e1f\u00e9rhet\u0151s\u00e9g az orvosilag indokolt valamennyi beteg sz\u00e1m\u00e1ra jelent\u0151s el\u0151rel\u00e9p\u00e9s. M\u00e9g akkor is, ha el kell gondolkodnunk azon, mit&hellip;<\/p>\n","protected":false},"author":41,"featured_media":0,"comment_status":"closed","ping_status":"closed","sticky":false,"template":"","format":"standard","meta":{"footnotes":""},"categories":[209,238],"tags":[],"yoast_head":"<!-- This site is optimized with the Yoast SEO plugin v16.7 - https:\/\/yoast.com\/wordpress\/plugins\/seo\/ -->\n<title>Hat\u00e1rok - iASK - Fels\u0151bbfok\u00fa Tanulm\u00e1nyok Int\u00e9zete, K\u0151szeg<\/title>\n<meta name=\"robots\" content=\"index, follow, max-snippet:-1, max-image-preview:large, max-video-preview:-1\" \/>\n<link rel=\"canonical\" href=\"https:\/\/archive.iask.hu\/hu\/hatarok\/\" \/>\n<meta property=\"og:locale\" content=\"hu_HU\" \/>\n<meta property=\"og:type\" content=\"article\" \/>\n<meta property=\"og:title\" content=\"Hat\u00e1rok - iASK - Fels\u0151bbfok\u00fa Tanulm\u00e1nyok Int\u00e9zete, K\u0151szeg\" \/>\n<meta property=\"og:description\" content=\"Friss h\u00edr, hogy egy s\u00falyos, ritka \u00f6r\u00f6kl\u0151d\u0151 betegs\u00e9gben szenved\u0151k sz\u00e1m\u00e1ra kifejlesztett gy\u00f3gyszer hossz\u00fa id\u0151 ut\u00e1n el\u00e9rhet\u0151v\u00e9 v\u00e1lt valamennyi gyermek sz\u00e1m\u00e1ra Magyarorsz\u00e1gon is. S b\u00e1r k\u00fcl\u00f6n enged\u00e9llyel j\u00f3 n\u00e9h\u00e1nyan m\u00e1r eddigi is hozz\u00e1f\u00e9rhettek ehhez a kezel\u00e9shez, a teljes hozz\u00e1f\u00e9rhet\u0151s\u00e9g az orvosilag indokolt valamennyi beteg sz\u00e1m\u00e1ra jelent\u0151s el\u0151rel\u00e9p\u00e9s. M\u00e9g akkor is, ha el kell gondolkodnunk azon, mit&hellip;\" \/>\n<meta property=\"og:url\" content=\"https:\/\/archive.iask.hu\/hu\/hatarok\/\" \/>\n<meta property=\"og:site_name\" content=\"iASK - Fels\u0151bbfok\u00fa Tanulm\u00e1nyok Int\u00e9zete, K\u0151szeg\" \/>\n<meta property=\"article:published_time\" content=\"2019-11-30T13:04:07+00:00\" \/>\n<meta property=\"article:modified_time\" content=\"2019-12-02T10:55:01+00:00\" \/>\n<meta property=\"og:image\" content=\"http:\/\/archive.iask.hu\/wp-content\/uploads\/2019\/11\/abstract-2468874_1920.jpg\" \/>\n\t<meta property=\"og:image:width\" content=\"1920\" \/>\n\t<meta property=\"og:image:height\" content=\"1396\" \/>\n<meta name=\"twitter:card\" content=\"summary_large_image\" \/>\n<meta name=\"twitter:label1\" content=\"Szerz\u0151:\" \/>\n\t<meta name=\"twitter:data1\" content=\"Bal\u00e1zs Heged\u0171s\" \/>\n\t<meta name=\"twitter:label2\" content=\"Becs\u00fclt olvas\u00e1si id\u0151\" \/>\n\t<meta name=\"twitter:data2\" content=\"3 perc\" \/>\n<script type=\"application\/ld+json\" class=\"yoast-schema-graph\">{\"@context\":\"https:\/\/schema.org\",\"@graph\":[{\"@type\":\"WebSite\",\"@id\":\"https:\/\/archive.iask.hu\/en\/#website\",\"url\":\"https:\/\/archive.iask.hu\/en\/\",\"name\":\"iASK - Fels\\u0151bbfok\\u00fa Tanulm\\u00e1nyok Int\\u00e9zete, K\\u0151szeg\",\"description\":\"Az Int\\u00e9zet c\\u00e9lja, hogy egy\\u00fcv\\u00e9 szervezze a szellemileg nyitott, b\\u00e1tor, egym\\u00e1ssal egy\\u00fcttm\\u0171k\\u00f6dni k\\u00edv\\u00e1n\\u00f3, alkot\\u00f3 \\u00e9s gondolkod\\u00f3 szakembereket \\u00e9s tud\\u00f3sokat.\",\"potentialAction\":[{\"@type\":\"SearchAction\",\"target\":{\"@type\":\"EntryPoint\",\"urlTemplate\":\"https:\/\/archive.iask.hu\/en\/?s={search_term_string}\"},\"query-input\":\"required name=search_term_string\"}],\"inLanguage\":\"hu\"},{\"@type\":\"ImageObject\",\"@id\":\"https:\/\/archive.iask.hu\/hu\/hatarok\/#primaryimage\",\"inLanguage\":\"hu\",\"url\":\"http:\/\/archive.iask.hu\/wp-content\/uploads\/2019\/11\/skin-3358873_1920-300x210.jpg\",\"contentUrl\":\"http:\/\/archive.iask.hu\/wp-content\/uploads\/2019\/11\/skin-3358873_1920-300x210.jpg\"},{\"@type\":\"WebPage\",\"@id\":\"https:\/\/archive.iask.hu\/hu\/hatarok\/#webpage\",\"url\":\"https:\/\/archive.iask.hu\/hu\/hatarok\/\",\"name\":\"Hat\\u00e1rok - iASK - Fels\\u0151bbfok\\u00fa Tanulm\\u00e1nyok Int\\u00e9zete, K\\u0151szeg\",\"isPartOf\":{\"@id\":\"https:\/\/archive.iask.hu\/en\/#website\"},\"primaryImageOfPage\":{\"@id\":\"https:\/\/archive.iask.hu\/hu\/hatarok\/#primaryimage\"},\"datePublished\":\"2019-11-30T13:04:07+00:00\",\"dateModified\":\"2019-12-02T10:55:01+00:00\",\"author\":{\"@id\":\"https:\/\/archive.iask.hu\/en\/#\/schema\/person\/035fd4e4ffcc592e96119c3d013c8825\"},\"breadcrumb\":{\"@id\":\"https:\/\/archive.iask.hu\/hu\/hatarok\/#breadcrumb\"},\"inLanguage\":\"hu\",\"potentialAction\":[{\"@type\":\"ReadAction\",\"target\":[\"https:\/\/archive.iask.hu\/hu\/hatarok\/\"]}]},{\"@type\":\"BreadcrumbList\",\"@id\":\"https:\/\/archive.iask.hu\/hu\/hatarok\/#breadcrumb\",\"itemListElement\":[{\"@type\":\"ListItem\",\"position\":1,\"name\":\"Home\",\"item\":\"https:\/\/archive.iask.hu\/en\/\"},{\"@type\":\"ListItem\",\"position\":2,\"name\":\"Hat\\u00e1rok\"}]},{\"@type\":\"Person\",\"@id\":\"https:\/\/archive.iask.hu\/en\/#\/schema\/person\/035fd4e4ffcc592e96119c3d013c8825\",\"name\":\"Bal\\u00e1zs Heged\\u0171s\",\"image\":{\"@type\":\"ImageObject\",\"@id\":\"https:\/\/archive.iask.hu\/en\/#personlogo\",\"inLanguage\":\"hu\",\"url\":\"https:\/\/secure.gravatar.com\/avatar\/08c2d1318b6f018b97088830599c0d78?s=96&d=mm&r=g\",\"contentUrl\":\"https:\/\/secure.gravatar.com\/avatar\/08c2d1318b6f018b97088830599c0d78?s=96&d=mm&r=g\",\"caption\":\"Bal\\u00e1zs Heged\\u0171s\"},\"url\":\"https:\/\/archive.iask.hu\/hu\/author\/balazs-hegedus\/\"}]}<\/script>\n<!-- \/ Yoast SEO plugin. -->","yoast_head_json":{"title":"Hat\u00e1rok - iASK - Fels\u0151bbfok\u00fa Tanulm\u00e1nyok Int\u00e9zete, K\u0151szeg","robots":{"index":"index","follow":"follow","max-snippet":"max-snippet:-1","max-image-preview":"max-image-preview:large","max-video-preview":"max-video-preview:-1"},"canonical":"https:\/\/archive.iask.hu\/hu\/hatarok\/","og_locale":"hu_HU","og_type":"article","og_title":"Hat\u00e1rok - iASK - Fels\u0151bbfok\u00fa Tanulm\u00e1nyok Int\u00e9zete, K\u0151szeg","og_description":"Friss h\u00edr, hogy egy s\u00falyos, ritka \u00f6r\u00f6kl\u0151d\u0151 betegs\u00e9gben szenved\u0151k sz\u00e1m\u00e1ra kifejlesztett gy\u00f3gyszer hossz\u00fa id\u0151 ut\u00e1n el\u00e9rhet\u0151v\u00e9 v\u00e1lt valamennyi gyermek sz\u00e1m\u00e1ra Magyarorsz\u00e1gon is. S b\u00e1r k\u00fcl\u00f6n enged\u00e9llyel j\u00f3 n\u00e9h\u00e1nyan m\u00e1r eddigi is hozz\u00e1f\u00e9rhettek ehhez a kezel\u00e9shez, a teljes hozz\u00e1f\u00e9rhet\u0151s\u00e9g az orvosilag indokolt valamennyi beteg sz\u00e1m\u00e1ra jelent\u0151s el\u0151rel\u00e9p\u00e9s. M\u00e9g akkor is, ha el kell gondolkodnunk azon, mit&hellip;","og_url":"https:\/\/archive.iask.hu\/hu\/hatarok\/","og_site_name":"iASK - Fels\u0151bbfok\u00fa Tanulm\u00e1nyok Int\u00e9zete, K\u0151szeg","article_published_time":"2019-11-30T13:04:07+00:00","article_modified_time":"2019-12-02T10:55:01+00:00","og_image":[{"width":1920,"height":1396,"url":"http:\/\/archive.iask.hu\/wp-content\/uploads\/2019\/11\/abstract-2468874_1920.jpg","path":"\/home\/archive\/public_html\/wp-content\/uploads\/2019\/11\/abstract-2468874_1920.jpg","size":"full","id":15213,"alt":"","pixels":2680320,"type":"image\/jpeg"}],"twitter_card":"summary_large_image","twitter_misc":{"Szerz\u0151:":"Bal\u00e1zs Heged\u0171s","Becs\u00fclt olvas\u00e1si id\u0151":"3 perc"},"schema":{"@context":"https:\/\/schema.org","@graph":[{"@type":"WebSite","@id":"https:\/\/archive.iask.hu\/en\/#website","url":"https:\/\/archive.iask.hu\/en\/","name":"iASK - Fels\u0151bbfok\u00fa Tanulm\u00e1nyok Int\u00e9zete, K\u0151szeg","description":"Az Int\u00e9zet c\u00e9lja, hogy egy\u00fcv\u00e9 szervezze a szellemileg nyitott, b\u00e1tor, egym\u00e1ssal egy\u00fcttm\u0171k\u00f6dni k\u00edv\u00e1n\u00f3, alkot\u00f3 \u00e9s gondolkod\u00f3 szakembereket \u00e9s tud\u00f3sokat.","potentialAction":[{"@type":"SearchAction","target":{"@type":"EntryPoint","urlTemplate":"https:\/\/archive.iask.hu\/en\/?s={search_term_string}"},"query-input":"required name=search_term_string"}],"inLanguage":"hu"},{"@type":"ImageObject","@id":"https:\/\/archive.iask.hu\/hu\/hatarok\/#primaryimage","inLanguage":"hu","url":"http:\/\/archive.iask.hu\/wp-content\/uploads\/2019\/11\/skin-3358873_1920-300x210.jpg","contentUrl":"http:\/\/archive.iask.hu\/wp-content\/uploads\/2019\/11\/skin-3358873_1920-300x210.jpg"},{"@type":"WebPage","@id":"https:\/\/archive.iask.hu\/hu\/hatarok\/#webpage","url":"https:\/\/archive.iask.hu\/hu\/hatarok\/","name":"Hat\u00e1rok - iASK - Fels\u0151bbfok\u00fa Tanulm\u00e1nyok Int\u00e9zete, K\u0151szeg","isPartOf":{"@id":"https:\/\/archive.iask.hu\/en\/#website"},"primaryImageOfPage":{"@id":"https:\/\/archive.iask.hu\/hu\/hatarok\/#primaryimage"},"datePublished":"2019-11-30T13:04:07+00:00","dateModified":"2019-12-02T10:55:01+00:00","author":{"@id":"https:\/\/archive.iask.hu\/en\/#\/schema\/person\/035fd4e4ffcc592e96119c3d013c8825"},"breadcrumb":{"@id":"https:\/\/archive.iask.hu\/hu\/hatarok\/#breadcrumb"},"inLanguage":"hu","potentialAction":[{"@type":"ReadAction","target":["https:\/\/archive.iask.hu\/hu\/hatarok\/"]}]},{"@type":"BreadcrumbList","@id":"https:\/\/archive.iask.hu\/hu\/hatarok\/#breadcrumb","itemListElement":[{"@type":"ListItem","position":1,"name":"Home","item":"https:\/\/archive.iask.hu\/en\/"},{"@type":"ListItem","position":2,"name":"Hat\u00e1rok"}]},{"@type":"Person","@id":"https:\/\/archive.iask.hu\/en\/#\/schema\/person\/035fd4e4ffcc592e96119c3d013c8825","name":"Bal\u00e1zs Heged\u0171s","image":{"@type":"ImageObject","@id":"https:\/\/archive.iask.hu\/en\/#personlogo","inLanguage":"hu","url":"https:\/\/secure.gravatar.com\/avatar\/08c2d1318b6f018b97088830599c0d78?s=96&d=mm&r=g","contentUrl":"https:\/\/secure.gravatar.com\/avatar\/08c2d1318b6f018b97088830599c0d78?s=96&d=mm&r=g","caption":"Bal\u00e1zs Heged\u0171s"},"url":"https:\/\/archive.iask.hu\/hu\/author\/balazs-hegedus\/"}]}},"_links":{"self":[{"href":"https:\/\/archive.iask.hu\/hu\/wp-json\/wp\/v2\/posts\/15211"}],"collection":[{"href":"https:\/\/archive.iask.hu\/hu\/wp-json\/wp\/v2\/posts"}],"about":[{"href":"https:\/\/archive.iask.hu\/hu\/wp-json\/wp\/v2\/types\/post"}],"author":[{"embeddable":true,"href":"https:\/\/archive.iask.hu\/hu\/wp-json\/wp\/v2\/users\/41"}],"replies":[{"embeddable":true,"href":"https:\/\/archive.iask.hu\/hu\/wp-json\/wp\/v2\/comments?post=15211"}],"version-history":[{"count":2,"href":"https:\/\/archive.iask.hu\/hu\/wp-json\/wp\/v2\/posts\/15211\/revisions"}],"predecessor-version":[{"id":15215,"href":"https:\/\/archive.iask.hu\/hu\/wp-json\/wp\/v2\/posts\/15211\/revisions\/15215"}],"wp:attachment":[{"href":"https:\/\/archive.iask.hu\/hu\/wp-json\/wp\/v2\/media?parent=15211"}],"wp:term":[{"taxonomy":"category","embeddable":true,"href":"https:\/\/archive.iask.hu\/hu\/wp-json\/wp\/v2\/categories?post=15211"},{"taxonomy":"post_tag","embeddable":true,"href":"https:\/\/archive.iask.hu\/hu\/wp-json\/wp\/v2\/tags?post=15211"}],"curies":[{"name":"wp","href":"https:\/\/api.w.org\/{rel}","templated":true}]}}