{"id":16621,"date":"2020-04-07T09:56:35","date_gmt":"2020-04-07T07:56:35","guid":{"rendered":"https:\/\/archive.iask.hu\/?p=16621"},"modified":"2020-04-29T08:38:49","modified_gmt":"2020-04-29T06:38:49","slug":"from-infodemic-to-the-need-for-global-information-and-knowledge-governance","status":"publish","type":"post","link":"https:\/\/archive.iask.hu\/hu\/harom-nembeli-infodemiakrul-z-karvalics-laszlo-irasa\/","title":{"rendered":"H\u00e1rom nemb\u00e9li infod\u00e9mi\u00e1kr\u00fal &#8211; Z. Karvalics L\u00e1szl\u00f3 \u00edr\u00e1sa"},"content":{"rendered":"<p class=\"entry\"><strong>H\u00e1rom nemb\u00e9li infod\u00e9mi\u00e1kr\u00fal &#8211; Int\u00e9s az \u0150rz\u0151kh\u00f6z! &#8211;\u00a0 <a href=\"https:\/\/archive.iask.hu\/hu\/people\/karvalics-z-laszlo\/\">Z. Karvalics L\u00e1szl\u00f3 (FTI-iASK)<\/a><\/strong><\/p>\n<p>\u00d3, mily indulattal ostorozn\u00e1k most 17. sz\u00e1zadi purit\u00e1n pr\u00e9dik\u00e1toraink, Cs\u00fazi Cseh Jakab \u00e9s a n\u00e9gy J\u00e1nosok (a B\u00f6k\u00e9nyi Philep, a Mikolai Heged\u0171s, a Veresegyh\u00e1zi Szentjel meg az Ap\u00e1czai Csere) mindazokat, akik a \u201ev\u00e9rh\u00fcdt d\u00f6gv\u00e9sz\u201d id\u0151szak\u00e1ban nem \u00e1tallj\u00e1k hamis sz\u00f3ra nyitni az ajkukat vagy cselekv\u00e9s helyett mihaszna ig\u00e9k j\u00e1mbor hallgat\u00e1s\u00e1ban gy\u00f6ny\u00f6rk\u00f6dnek! De h\u00e1t mit lehet csin\u00e1lni a plak\u00e1tmag\u00e1nyt felv\u00e1lt\u00f3 karant\u00e9nmag\u00e1nyban? T\u00f6rekedni, hogy a\u00a0<em>\u201ehaszontalan, semmirekell\u0151 \u00e9s v\u00e9tkes dolgokr\u00f3l val\u00f3 cs\u00e1csog\u00e1s\u201d<\/em>\u00a0b\u0171ne helyett a sz\u00f3 fegyver\u00e9vel\u00a0<em>\u201evit\u00e9zkedj\u00fcnk<\/em>\u00a0<em>a jelen val\u00f3k ellen\u2026 er\u0151s tusakod\u00e1ssal\u201d<\/em>.<\/p>\n<p>Vajon hogyan reag\u00e1lt volna a fenti sorok szerz\u0151je, K\u00e9zdiv\u00e1s\u00e1rhelyi Matk\u00f3 Istv\u00e1n<sup><a id=\"post-34149-footnote-ref-1\" href=\"https:\/\/ligetmuhely.com\/liget\/harom-nembeli-infodemiakrul\/?highlight=infod%C3%A9mia#post-34149-footnote-1\">[1]<\/a><\/sup>, ha az Egyes\u00fclt Nemzetek eg\u00e9szs\u00e9g\u00fcgyi vil\u00e1gszervezet\u00e9nek egyik jelent\u00e9s\u00e9ben<sup><a id=\"post-34149-footnote-ref-2\" href=\"https:\/\/ligetmuhely.com\/liget\/harom-nembeli-infodemiakrul\/?highlight=infod%C3%A9mia#post-34149-footnote-2\">[2]<\/a><\/sup>\u00a0azt olvassa, hogy a vil\u00e1gj\u00e1rv\u00e1ny id\u0151szak\u00e1ban \u00faj vesz\u00e9lyforr\u00e1sk\u00e9nt jelent meg a \u201emassz\u00edv infod\u00e9mia\u201d? (<em>\u201eA t\u00falzott mennyis\u00e9g\u0171, hol helyes, hol pontatlan inform\u00e1ci\u00f3, amely megnehez\u00edti a szavahihet\u0151 ismeretforr\u00e1sok \u00e9s a megb\u00edzhat\u00f3 \u00fatmutat\u00e1sok fellel\u00e9s\u00e9t, amikor sz\u00fcks\u00e9g van r\u00e1\u2026 a biol\u00f3giai fenyeget\u00e9st s\u00falyosb\u00edt\u00f3 inform\u00e1ci\u00f3s m\u00e9rgez\u00e9s a terjed\u0151 t\u00e9vhitekkel \u00e9s semmire nem j\u00f3 gy\u00f3gyszerekkel.\u201d<\/em>) Minden bizonnyal tov\u00e1bbi t\u00e9telekkel eg\u00e9sz\u00edten\u00e9 ki a\u00a0<em>\u201ehaszontalan \u00e9s b\u0171nre csalogat\u00f3, fajtalan k\u00f6nyvek olvas\u00e1s\u00e1nak\u201d<\/em>\u00a0er\u0151s tilalm\u00e1t, hogy t\u00e1vol maradhassunk a puszta sz\u00f3besz\u00e9d meghallgat\u00e1s\u00e1nak v\u00e9tk\u00e9t\u0151l, a pontatlan h\u00edrek viszolyogtat\u00f3 volt\u00e1t\u00f3l \u00e9s a val\u00f3s\u00e1g nemtelen c\u00e9llal eltorz\u00edtott magyar\u00e1zatainak pokolba vezet\u0151 fertelmess\u00e9g\u00e9t\u0151l.<\/p>\n<p>Megold\u00e1sk\u00e9nt pedig bizony\u00e1ra hasonl\u00f3t javasolna, mint a WHO illet\u00e9kesei: megalapozott, hiteles, bizony\u00edt\u00e9kokra t\u00e1maszkod\u00f3 inform\u00e1ci\u00f3szolg\u00e1ltat\u00f3 fel\u00fcletek l\u00e9trehoz\u00e1s\u00e1t \u00e9s fenntart\u00e1s\u00e1t a hivatalos \u00e9s k\u00f6z\u00f6ss\u00e9gi m\u00e9dia-csatorn\u00e1kon, amelyek hozz\u00e1j\u00e1rulnak az \u00e1lh\u00edrek \u00e9s a m\u00edtoszok kirost\u00e1l\u00e1s\u00e1hoz a k\u00f6zlem\u00e9ny\u00e1ramban. Esetleg mell\u00e9 illeszten\u00e9 pr\u00e9dik\u00e1tort\u00e1rsa, N\u00f3gr\u00e1di M\u00e1ty\u00e1s \u00f6r\u00f6k\u00e9rv\u00e9ny\u0171 t\u00e9zis\u00e9t:\u00a0<em>\u201eaki kevesen nem igaz, sokon sem igaz az: \u00e9s aki kevesen igaz, sokon is igaz az\u201d.<\/em><\/p>\n<p>&nbsp;<\/p>\n<p><a href=\"https:\/\/ligetmuhely.com\/liget\/harom-nembeli-infodemiakrul\/?highlight=infod%C3%A9mia\">A teljes \u00edr\u00e1st a Ligetm\u0171hely weboldal\u00e1n olvashatj\u00e1k ITT!<\/a><\/p>\n","protected":false},"excerpt":{"rendered":"<p>Int\u00e9s az \u0150rz\u0151kh\u00f6z!  alc\u00edmet visel\u0151 jegyzet a www.ligetmuhely.com weboldalon jelent meg.<\/p>\n","protected":false},"author":41,"featured_media":16622,"comment_status":"closed","ping_status":"closed","sticky":false,"template":"","format":"standard","meta":{"footnotes":""},"categories":[58,239,38,40],"tags":[],"yoast_head":"<!-- This site is optimized with the Yoast SEO plugin v16.7 - https:\/\/yoast.com\/wordpress\/plugins\/seo\/ -->\n<title>H\u00e1rom nemb\u00e9li infod\u00e9mi\u00e1kr\u00fal - Z. Karvalics L\u00e1szl\u00f3 \u00edr\u00e1sa - iASK - Fels\u0151bbfok\u00fa Tanulm\u00e1nyok Int\u00e9zete, K\u0151szeg<\/title>\n<meta name=\"robots\" content=\"index, follow, max-snippet:-1, max-image-preview:large, max-video-preview:-1\" \/>\n<link rel=\"canonical\" href=\"https:\/\/archive.iask.hu\/hu\/harom-nembeli-infodemiakrul-z-karvalics-laszlo-irasa\/\" \/>\n<meta property=\"og:locale\" content=\"hu_HU\" \/>\n<meta property=\"og:type\" content=\"article\" \/>\n<meta property=\"og:title\" content=\"H\u00e1rom nemb\u00e9li infod\u00e9mi\u00e1kr\u00fal - Z. Karvalics L\u00e1szl\u00f3 \u00edr\u00e1sa - iASK - Fels\u0151bbfok\u00fa Tanulm\u00e1nyok Int\u00e9zete, K\u0151szeg\" \/>\n<meta property=\"og:description\" content=\"Int\u00e9s az \u0150rz\u0151kh\u00f6z! alc\u00edmet visel\u0151 jegyzet a www.ligetmuhely.com weboldalon jelent meg.\" \/>\n<meta property=\"og:url\" content=\"https:\/\/archive.iask.hu\/hu\/harom-nembeli-infodemiakrul-z-karvalics-laszlo-irasa\/\" \/>\n<meta property=\"og:site_name\" content=\"iASK - Fels\u0151bbfok\u00fa Tanulm\u00e1nyok Int\u00e9zete, K\u0151szeg\" \/>\n<meta property=\"article:published_time\" content=\"2020-04-07T07:56:35+00:00\" \/>\n<meta property=\"article:modified_time\" content=\"2020-04-29T06:38:49+00:00\" \/>\n<meta property=\"og:image\" content=\"http:\/\/archive.iask.hu\/wp-content\/uploads\/2020\/04\/infodemia.jpg\" \/>\n\t<meta property=\"og:image:width\" content=\"1024\" \/>\n\t<meta property=\"og:image:height\" content=\"768\" \/>\n<meta name=\"twitter:card\" content=\"summary_large_image\" \/>\n<meta name=\"twitter:label1\" content=\"Szerz\u0151:\" \/>\n\t<meta name=\"twitter:data1\" content=\"Bal\u00e1zs Heged\u0171s\" \/>\n\t<meta name=\"twitter:label2\" content=\"Becs\u00fclt olvas\u00e1si id\u0151\" \/>\n\t<meta name=\"twitter:data2\" content=\"2 perc\" \/>\n<script type=\"application\/ld+json\" class=\"yoast-schema-graph\">{\"@context\":\"https:\/\/schema.org\",\"@graph\":[{\"@type\":\"WebSite\",\"@id\":\"https:\/\/archive.iask.hu\/en\/#website\",\"url\":\"https:\/\/archive.iask.hu\/en\/\",\"name\":\"iASK - Fels\\u0151bbfok\\u00fa Tanulm\\u00e1nyok Int\\u00e9zete, K\\u0151szeg\",\"description\":\"Az Int\\u00e9zet c\\u00e9lja, hogy egy\\u00fcv\\u00e9 szervezze a szellemileg nyitott, b\\u00e1tor, egym\\u00e1ssal egy\\u00fcttm\\u0171k\\u00f6dni k\\u00edv\\u00e1n\\u00f3, alkot\\u00f3 \\u00e9s gondolkod\\u00f3 szakembereket \\u00e9s tud\\u00f3sokat.\",\"potentialAction\":[{\"@type\":\"SearchAction\",\"target\":{\"@type\":\"EntryPoint\",\"urlTemplate\":\"https:\/\/archive.iask.hu\/en\/?s={search_term_string}\"},\"query-input\":\"required name=search_term_string\"}],\"inLanguage\":\"hu\"},{\"@type\":\"ImageObject\",\"@id\":\"https:\/\/archive.iask.hu\/hu\/harom-nembeli-infodemiakrul-z-karvalics-laszlo-irasa\/#primaryimage\",\"inLanguage\":\"hu\",\"url\":\"https:\/\/archive.iask.hu\/wp-content\/uploads\/2020\/04\/infodemia.jpg\",\"contentUrl\":\"https:\/\/archive.iask.hu\/wp-content\/uploads\/2020\/04\/infodemia.jpg\",\"width\":1024,\"height\":768},{\"@type\":\"WebPage\",\"@id\":\"https:\/\/archive.iask.hu\/hu\/harom-nembeli-infodemiakrul-z-karvalics-laszlo-irasa\/#webpage\",\"url\":\"https:\/\/archive.iask.hu\/hu\/harom-nembeli-infodemiakrul-z-karvalics-laszlo-irasa\/\",\"name\":\"H\\u00e1rom nemb\\u00e9li infod\\u00e9mi\\u00e1kr\\u00fal - Z. Karvalics L\\u00e1szl\\u00f3 \\u00edr\\u00e1sa - iASK - Fels\\u0151bbfok\\u00fa Tanulm\\u00e1nyok Int\\u00e9zete, K\\u0151szeg\",\"isPartOf\":{\"@id\":\"https:\/\/archive.iask.hu\/en\/#website\"},\"primaryImageOfPage\":{\"@id\":\"https:\/\/archive.iask.hu\/hu\/harom-nembeli-infodemiakrul-z-karvalics-laszlo-irasa\/#primaryimage\"},\"datePublished\":\"2020-04-07T07:56:35+00:00\",\"dateModified\":\"2020-04-29T06:38:49+00:00\",\"author\":{\"@id\":\"https:\/\/archive.iask.hu\/en\/#\/schema\/person\/035fd4e4ffcc592e96119c3d013c8825\"},\"breadcrumb\":{\"@id\":\"https:\/\/archive.iask.hu\/hu\/harom-nembeli-infodemiakrul-z-karvalics-laszlo-irasa\/#breadcrumb\"},\"inLanguage\":\"hu\",\"potentialAction\":[{\"@type\":\"ReadAction\",\"target\":[\"https:\/\/archive.iask.hu\/hu\/harom-nembeli-infodemiakrul-z-karvalics-laszlo-irasa\/\"]}]},{\"@type\":\"BreadcrumbList\",\"@id\":\"https:\/\/archive.iask.hu\/hu\/harom-nembeli-infodemiakrul-z-karvalics-laszlo-irasa\/#breadcrumb\",\"itemListElement\":[{\"@type\":\"ListItem\",\"position\":1,\"name\":\"Home\",\"item\":\"https:\/\/archive.iask.hu\/en\/\"},{\"@type\":\"ListItem\",\"position\":2,\"name\":\"H\\u00e1rom nemb\\u00e9li infod\\u00e9mi\\u00e1kr\\u00fal &#8211; Z. Karvalics L\\u00e1szl\\u00f3 \\u00edr\\u00e1sa\"}]},{\"@type\":\"Person\",\"@id\":\"https:\/\/archive.iask.hu\/en\/#\/schema\/person\/035fd4e4ffcc592e96119c3d013c8825\",\"name\":\"Bal\\u00e1zs Heged\\u0171s\",\"image\":{\"@type\":\"ImageObject\",\"@id\":\"https:\/\/archive.iask.hu\/en\/#personlogo\",\"inLanguage\":\"hu\",\"url\":\"https:\/\/secure.gravatar.com\/avatar\/08c2d1318b6f018b97088830599c0d78?s=96&d=mm&r=g\",\"contentUrl\":\"https:\/\/secure.gravatar.com\/avatar\/08c2d1318b6f018b97088830599c0d78?s=96&d=mm&r=g\",\"caption\":\"Bal\\u00e1zs Heged\\u0171s\"},\"url\":\"https:\/\/archive.iask.hu\/hu\/author\/balazs-hegedus\/\"}]}<\/script>\n<!-- \/ Yoast SEO plugin. -->","yoast_head_json":{"title":"H\u00e1rom nemb\u00e9li infod\u00e9mi\u00e1kr\u00fal - Z. Karvalics L\u00e1szl\u00f3 \u00edr\u00e1sa - iASK - Fels\u0151bbfok\u00fa Tanulm\u00e1nyok Int\u00e9zete, K\u0151szeg","robots":{"index":"index","follow":"follow","max-snippet":"max-snippet:-1","max-image-preview":"max-image-preview:large","max-video-preview":"max-video-preview:-1"},"canonical":"https:\/\/archive.iask.hu\/hu\/harom-nembeli-infodemiakrul-z-karvalics-laszlo-irasa\/","og_locale":"hu_HU","og_type":"article","og_title":"H\u00e1rom nemb\u00e9li infod\u00e9mi\u00e1kr\u00fal - Z. Karvalics L\u00e1szl\u00f3 \u00edr\u00e1sa - iASK - Fels\u0151bbfok\u00fa Tanulm\u00e1nyok Int\u00e9zete, K\u0151szeg","og_description":"Int\u00e9s az \u0150rz\u0151kh\u00f6z! alc\u00edmet visel\u0151 jegyzet a www.ligetmuhely.com weboldalon jelent meg.","og_url":"https:\/\/archive.iask.hu\/hu\/harom-nembeli-infodemiakrul-z-karvalics-laszlo-irasa\/","og_site_name":"iASK - Fels\u0151bbfok\u00fa Tanulm\u00e1nyok Int\u00e9zete, K\u0151szeg","article_published_time":"2020-04-07T07:56:35+00:00","article_modified_time":"2020-04-29T06:38:49+00:00","og_image":[{"width":1024,"height":768,"url":"http:\/\/archive.iask.hu\/wp-content\/uploads\/2020\/04\/infodemia.jpg","path":"\/home\/archive\/public_html\/wp-content\/uploads\/2020\/04\/infodemia.jpg","size":"full","id":16622,"alt":"","pixels":786432,"type":"image\/jpeg"}],"twitter_card":"summary_large_image","twitter_misc":{"Szerz\u0151:":"Bal\u00e1zs Heged\u0171s","Becs\u00fclt olvas\u00e1si id\u0151":"2 perc"},"schema":{"@context":"https:\/\/schema.org","@graph":[{"@type":"WebSite","@id":"https:\/\/archive.iask.hu\/en\/#website","url":"https:\/\/archive.iask.hu\/en\/","name":"iASK - Fels\u0151bbfok\u00fa Tanulm\u00e1nyok Int\u00e9zete, K\u0151szeg","description":"Az Int\u00e9zet c\u00e9lja, hogy egy\u00fcv\u00e9 szervezze a szellemileg nyitott, b\u00e1tor, egym\u00e1ssal egy\u00fcttm\u0171k\u00f6dni k\u00edv\u00e1n\u00f3, alkot\u00f3 \u00e9s gondolkod\u00f3 szakembereket \u00e9s tud\u00f3sokat.","potentialAction":[{"@type":"SearchAction","target":{"@type":"EntryPoint","urlTemplate":"https:\/\/archive.iask.hu\/en\/?s={search_term_string}"},"query-input":"required name=search_term_string"}],"inLanguage":"hu"},{"@type":"ImageObject","@id":"https:\/\/archive.iask.hu\/hu\/harom-nembeli-infodemiakrul-z-karvalics-laszlo-irasa\/#primaryimage","inLanguage":"hu","url":"https:\/\/archive.iask.hu\/wp-content\/uploads\/2020\/04\/infodemia.jpg","contentUrl":"https:\/\/archive.iask.hu\/wp-content\/uploads\/2020\/04\/infodemia.jpg","width":1024,"height":768},{"@type":"WebPage","@id":"https:\/\/archive.iask.hu\/hu\/harom-nembeli-infodemiakrul-z-karvalics-laszlo-irasa\/#webpage","url":"https:\/\/archive.iask.hu\/hu\/harom-nembeli-infodemiakrul-z-karvalics-laszlo-irasa\/","name":"H\u00e1rom nemb\u00e9li infod\u00e9mi\u00e1kr\u00fal - Z. Karvalics L\u00e1szl\u00f3 \u00edr\u00e1sa - iASK - Fels\u0151bbfok\u00fa Tanulm\u00e1nyok Int\u00e9zete, K\u0151szeg","isPartOf":{"@id":"https:\/\/archive.iask.hu\/en\/#website"},"primaryImageOfPage":{"@id":"https:\/\/archive.iask.hu\/hu\/harom-nembeli-infodemiakrul-z-karvalics-laszlo-irasa\/#primaryimage"},"datePublished":"2020-04-07T07:56:35+00:00","dateModified":"2020-04-29T06:38:49+00:00","author":{"@id":"https:\/\/archive.iask.hu\/en\/#\/schema\/person\/035fd4e4ffcc592e96119c3d013c8825"},"breadcrumb":{"@id":"https:\/\/archive.iask.hu\/hu\/harom-nembeli-infodemiakrul-z-karvalics-laszlo-irasa\/#breadcrumb"},"inLanguage":"hu","potentialAction":[{"@type":"ReadAction","target":["https:\/\/archive.iask.hu\/hu\/harom-nembeli-infodemiakrul-z-karvalics-laszlo-irasa\/"]}]},{"@type":"BreadcrumbList","@id":"https:\/\/archive.iask.hu\/hu\/harom-nembeli-infodemiakrul-z-karvalics-laszlo-irasa\/#breadcrumb","itemListElement":[{"@type":"ListItem","position":1,"name":"Home","item":"https:\/\/archive.iask.hu\/en\/"},{"@type":"ListItem","position":2,"name":"H\u00e1rom nemb\u00e9li infod\u00e9mi\u00e1kr\u00fal &#8211; Z. Karvalics L\u00e1szl\u00f3 \u00edr\u00e1sa"}]},{"@type":"Person","@id":"https:\/\/archive.iask.hu\/en\/#\/schema\/person\/035fd4e4ffcc592e96119c3d013c8825","name":"Bal\u00e1zs Heged\u0171s","image":{"@type":"ImageObject","@id":"https:\/\/archive.iask.hu\/en\/#personlogo","inLanguage":"hu","url":"https:\/\/secure.gravatar.com\/avatar\/08c2d1318b6f018b97088830599c0d78?s=96&d=mm&r=g","contentUrl":"https:\/\/secure.gravatar.com\/avatar\/08c2d1318b6f018b97088830599c0d78?s=96&d=mm&r=g","caption":"Bal\u00e1zs Heged\u0171s"},"url":"https:\/\/archive.iask.hu\/hu\/author\/balazs-hegedus\/"}]}},"_links":{"self":[{"href":"https:\/\/archive.iask.hu\/hu\/wp-json\/wp\/v2\/posts\/16621"}],"collection":[{"href":"https:\/\/archive.iask.hu\/hu\/wp-json\/wp\/v2\/posts"}],"about":[{"href":"https:\/\/archive.iask.hu\/hu\/wp-json\/wp\/v2\/types\/post"}],"author":[{"embeddable":true,"href":"https:\/\/archive.iask.hu\/hu\/wp-json\/wp\/v2\/users\/41"}],"replies":[{"embeddable":true,"href":"https:\/\/archive.iask.hu\/hu\/wp-json\/wp\/v2\/comments?post=16621"}],"version-history":[{"count":4,"href":"https:\/\/archive.iask.hu\/hu\/wp-json\/wp\/v2\/posts\/16621\/revisions"}],"predecessor-version":[{"id":16853,"href":"https:\/\/archive.iask.hu\/hu\/wp-json\/wp\/v2\/posts\/16621\/revisions\/16853"}],"wp:featuredmedia":[{"embeddable":true,"href":"https:\/\/archive.iask.hu\/hu\/wp-json\/wp\/v2\/media\/16622"}],"wp:attachment":[{"href":"https:\/\/archive.iask.hu\/hu\/wp-json\/wp\/v2\/media?parent=16621"}],"wp:term":[{"taxonomy":"category","embeddable":true,"href":"https:\/\/archive.iask.hu\/hu\/wp-json\/wp\/v2\/categories?post=16621"},{"taxonomy":"post_tag","embeddable":true,"href":"https:\/\/archive.iask.hu\/hu\/wp-json\/wp\/v2\/tags?post=16621"}],"curies":[{"name":"wp","href":"https:\/\/api.w.org\/{rel}","templated":true}]}}