{"id":27673,"date":"2023-03-21T17:37:52","date_gmt":"2023-03-21T16:37:52","guid":{"rendered":"https:\/\/archive.iask.hu\/hu\/?p=27673"},"modified":"2023-03-21T17:54:21","modified_gmt":"2023-03-21T16:54:21","slug":"magyar-a-legbefolyasosabb-magyar-nok-egyike-markovits-aliz","status":"publish","type":"post","link":"https:\/\/archive.iask.hu\/hu\/a-legbefolyasosabb-magyar-nok-egyike-markovits-aliz\/","title":{"rendered":"A legbefoly\u00e1sosabb magyar n\u0151k k\u00f6z\u00f6tt Markovits Al\u00edz"},"content":{"rendered":"<p>A legbefoly\u00e1sosabb magyar n\u0151k 2023 &#8211; kult\u00fara list\u00e1j\u00e1n, a hetedik helyen Markovits Al\u00edz a Veszpr\u00e9m \u2013 Balaton Eur\u00f3pa Kultur\u00e1lis F\u0151v\u00e1rosa 2023 rendezv\u00e9nysorozat vez\u00e9rigazgat\u00f3ja \u00e1ll. A Forbes magazin ismertet\u0151je szerint az illusztris n\u00e9vsorban szerepl\u0151 n\u0151k &#8222;\u00e9rt\u00e9kes kapcsolati h\u00e1l\u00f3val \u00e9s t\u0151k\u00e9vel rendelkeznek, tekint\u00e9lyes b\u00fcdzs\u00e9t kezelnek, fontos \u00fcgyekben mernek v\u00e9lem\u00e9nyt form\u00e1lni, \u00e9s hallatj\u00e1k a hangjukat.&#8221; Az iASK tan\u00e1csad\u00f3j\u00e1r\u00f3l k\u00e9sz\u00fclt \u00edr\u00e1s az al\u00e1bbi linken olvashat\u00f3.<\/p>\n<p><a href=\"https:\/\/forbes.hu\/lists\/a-legbefolyasosabb-magyar-nok-2023-kultura\/markovits-aliz\/\">https:\/\/forbes.hu\/lists\/a-legbefolyasosabb-magyar-nok-2023-kultura\/markovits-aliz\/<\/a><\/p>\n<p>&nbsp;<\/p>\n<p>Markovits Al\u00edz, a turizmus \u00f6tven fontos szerepl\u0151je k\u00f6z\u00f6tt! A kiadv\u00e1nyban az az iASK volt fejleszt\u00e9si vezet\u0151j\u00e9vel interj\u00fa is olvashat\u00f3. A vez\u00e9rigazgat\u00f3 szerint a program a figyelem f\u00f3kusz\u00e1ba helyezheti Veszpr\u00e9m \u00e9s a Bakony k\u00edv\u00fclr\u0151l mostan\u00e1ig kev\u00e9ss\u00e9 l\u00e1tsz\u00f3, figyelemre m\u00e9lt\u00f3 \u00e9rt\u00e9keit.<\/p>\n<p><a href=\"https:\/\/turizmus.com\/arcok\/markovits-aliz\">https:\/\/turizmus.com\/arcok\/markovits-aliz<\/a><\/p>\n\n\t\t\t<style type='text\/css'>\n\t\t\t\t#gallery-1 {\n\t\t\t\t\tmargin: auto;\n\t\t\t\t}\n\t\t\t\t#gallery-1 .gallery-item {\n\t\t\t\t\tfloat: left;\n\t\t\t\t\tmargin-top: 10px;\n\t\t\t\t\ttext-align: center;\n\t\t\t\t\twidth: 33%;\n\t\t\t\t}\n\t\t\t\t#gallery-1 img {\n\t\t\t\t\tborder: 2px solid #cfcfcf;\n\t\t\t\t}\n\t\t\t\t#gallery-1 .gallery-caption {\n\t\t\t\t\tmargin-left: 0;\n\t\t\t\t}\n\t\t\t\t\/* see gallery_shortcode() in wp-includes\/media.php *\/\n\t\t\t<\/style>\n\t\t<div id='gallery-1' class='dt-gallery-container gallery galleryid-27673 gallery-columns-3 gallery-size-full'><dl class='gallery-item'>\n\t\t\t\t<dt class='gallery-icon landscape'>\n\t\t\t\t\t<a class='rollover rollover-zoom dt-pswp-item' title='al\u00edz' data-dt-img-description='' data-large_image_width='2048' data-large_image_height = '2048'  href='https:\/\/archive.iask.hu\/wp-content\/uploads\/2023\/03\/aliz-1.jpg'><img loading=\"lazy\" decoding=\"async\" width=\"2048\" height=\"2048\" src=\"https:\/\/archive.iask.hu\/wp-content\/uploads\/2023\/03\/aliz-1.jpg\" class=\"attachment-full size-full\" alt=\"\" srcset=\"https:\/\/archive.iask.hu\/wp-content\/uploads\/2023\/03\/aliz-1.jpg 2048w, https:\/\/archive.iask.hu\/wp-content\/uploads\/2023\/03\/aliz-1-300x300.jpg 300w, https:\/\/archive.iask.hu\/wp-content\/uploads\/2023\/03\/aliz-1-1024x1024.jpg 1024w, https:\/\/archive.iask.hu\/wp-content\/uploads\/2023\/03\/aliz-1-150x150.jpg 150w, https:\/\/archive.iask.hu\/wp-content\/uploads\/2023\/03\/aliz-1-768x768.jpg 768w, https:\/\/archive.iask.hu\/wp-content\/uploads\/2023\/03\/aliz-1-1536x1536.jpg 1536w, https:\/\/archive.iask.hu\/wp-content\/uploads\/2023\/03\/aliz-1-700x700.jpg 700w, https:\/\/archive.iask.hu\/wp-content\/uploads\/2023\/03\/aliz-1-400x400.jpg 400w, https:\/\/archive.iask.hu\/wp-content\/uploads\/2023\/03\/aliz-1-200x200.jpg 200w\" sizes=\"(max-width: 2048px) 100vw, 2048px\" \/><\/a>\n\t\t\t\t<\/dt><\/dl><dl class='gallery-item'>\n\t\t\t\t<dt class='gallery-icon portrait'>\n\t\t\t\t\t<a class='rollover rollover-zoom dt-pswp-item' title='al\u00edz1' data-dt-img-description='' data-large_image_width='1437' data-large_image_height = '1920'  href='https:\/\/archive.iask.hu\/wp-content\/uploads\/2023\/03\/aliz1-1.jpg'><img loading=\"lazy\" decoding=\"async\" width=\"1437\" height=\"1920\" src=\"https:\/\/archive.iask.hu\/wp-content\/uploads\/2023\/03\/aliz1-1.jpg\" class=\"attachment-full size-full\" alt=\"\" srcset=\"https:\/\/archive.iask.hu\/wp-content\/uploads\/2023\/03\/aliz1-1.jpg 1437w, https:\/\/archive.iask.hu\/wp-content\/uploads\/2023\/03\/aliz1-1-225x300.jpg 225w, https:\/\/archive.iask.hu\/wp-content\/uploads\/2023\/03\/aliz1-1-766x1024.jpg 766w, https:\/\/archive.iask.hu\/wp-content\/uploads\/2023\/03\/aliz1-1-768x1026.jpg 768w, https:\/\/archive.iask.hu\/wp-content\/uploads\/2023\/03\/aliz1-1-1150x1536.jpg 1150w\" sizes=\"(max-width: 1437px) 100vw, 1437px\" \/><\/a>\n\t\t\t\t<\/dt><\/dl><dl class='gallery-item'>\n\t\t\t\t<dt class='gallery-icon landscape'>\n\t\t\t\t\t<a class='rollover rollover-zoom dt-pswp-item' title='bor\u00edt\u00f3k\u00e9p al\u00edz' data-dt-img-description='' data-large_image_width='1920' data-large_image_height = '1281'  href='https:\/\/archive.iask.hu\/wp-content\/uploads\/2023\/03\/boritokep-aliz.jpg'><img loading=\"lazy\" decoding=\"async\" width=\"1920\" height=\"1281\" src=\"https:\/\/archive.iask.hu\/wp-content\/uploads\/2023\/03\/boritokep-aliz.jpg\" class=\"attachment-full size-full\" alt=\"\" srcset=\"https:\/\/archive.iask.hu\/wp-content\/uploads\/2023\/03\/boritokep-aliz.jpg 1920w, https:\/\/archive.iask.hu\/wp-content\/uploads\/2023\/03\/boritokep-aliz-300x200.jpg 300w, https:\/\/archive.iask.hu\/wp-content\/uploads\/2023\/03\/boritokep-aliz-1024x683.jpg 1024w, https:\/\/archive.iask.hu\/wp-content\/uploads\/2023\/03\/boritokep-aliz-768x512.jpg 768w, https:\/\/archive.iask.hu\/wp-content\/uploads\/2023\/03\/boritokep-aliz-1536x1025.jpg 1536w, https:\/\/archive.iask.hu\/wp-content\/uploads\/2023\/03\/boritokep-aliz-700x467.jpg 700w, https:\/\/archive.iask.hu\/wp-content\/uploads\/2023\/03\/boritokep-aliz-400x267.jpg 400w, https:\/\/archive.iask.hu\/wp-content\/uploads\/2023\/03\/boritokep-aliz-200x133.jpg 200w\" sizes=\"(max-width: 1920px) 100vw, 1920px\" \/><\/a>\n\t\t\t\t<\/dt><\/dl><br style=\"clear: both\" \/>\n\t\t\t<\/div>\n\n","protected":false},"excerpt":{"rendered":"<p>A legbefoly\u00e1sosabb magyar n\u0151k 2023 &#8211; kult\u00fara list\u00e1j\u00e1n, a hetedik helyen Markovits Al\u00edz a Veszpr\u00e9m \u2013 Balaton Eur\u00f3pa Kultur\u00e1lis F\u0151v\u00e1rosa 2023 rendezv\u00e9nysorozat vez\u00e9rigazgat\u00f3ja \u00e1ll. A Forbes magazin ismertet\u0151je szerint az illusztris n\u00e9vsorban szerepl\u0151 n\u0151k &#8222;\u00e9rt\u00e9kes kapcsolati h\u00e1l\u00f3val \u00e9s t\u0151k\u00e9vel rendelkeznek, tekint\u00e9lyes b\u00fcdzs\u00e9t kezelnek, fontos \u00fcgyekben mernek v\u00e9lem\u00e9nyt form\u00e1lni, \u00e9s hallatj\u00e1k a hangjukat.&#8221; Az iASK tan\u00e1csad\u00f3j\u00e1r\u00f3l&hellip;<\/p>\n","protected":false},"author":227,"featured_media":27678,"comment_status":"closed","ping_status":"closed","sticky":false,"template":"","format":"standard","meta":{"footnotes":""},"categories":[239,97],"tags":[],"yoast_head":"<!-- This site is optimized with the Yoast SEO plugin v16.7 - https:\/\/yoast.com\/wordpress\/plugins\/seo\/ -->\n<title>A legbefoly\u00e1sosabb magyar n\u0151k k\u00f6z\u00f6tt Markovits Al\u00edz - iASK - Fels\u0151bbfok\u00fa Tanulm\u00e1nyok Int\u00e9zete, K\u0151szeg<\/title>\n<meta name=\"description\" content=\"A legbefoly\u00e1sosabb magyar n\u0151k 2023 - kult\u00fara list\u00e1j\u00e1n, a hetedik helyen Markovits Al\u00edz a Veszpr\u00e9m \u2013 Balaton Eur\u00f3pa Kultur\u00e1lis F\u0151v\u00e1rosa 2023 rendezv\u00e9nysorozat vez\u00e9rigazgat\u00f3ja \u00e1ll. A Forbes magazin ismertet\u0151je szerint az illusztris n\u00e9vsorban szerepl\u0151 n\u0151k &quot;\u00e9rt\u00e9kes kapcsolati h\u00e1l\u00f3val \u00e9s t\u0151k\u00e9vel rendelkeznek, tekint\u00e9lyes b\u00fcdzs\u00e9t kezelnek, fontos \u00fcgyekben mernek v\u00e9lem\u00e9nyt form\u00e1lni, \u00e9s hallatj\u00e1k a hangjukat.&quot;\" \/>\n<meta name=\"robots\" content=\"index, follow, max-snippet:-1, max-image-preview:large, max-video-preview:-1\" \/>\n<link rel=\"canonical\" href=\"https:\/\/archive.iask.hu\/en\/magyar-a-legbefolyasosabb-magyar-nok-egyike-markovits-aliz\/\" \/>\n<meta property=\"og:locale\" content=\"hu_HU\" \/>\n<meta property=\"og:type\" content=\"article\" \/>\n<meta property=\"og:title\" content=\"A legbefoly\u00e1sosabb magyar n\u0151k k\u00f6z\u00f6tt Markovits Al\u00edz - iASK - Fels\u0151bbfok\u00fa Tanulm\u00e1nyok Int\u00e9zete, K\u0151szeg\" \/>\n<meta property=\"og:description\" content=\"{:hu}A legbefoly\u00e1sosabb magyar n\u0151k 2023 - kult\u00fara list\u00e1j\u00e1n, a hetedik helyen Markovits Al\u00edz a Veszpr\u00e9m \u2013 Balaton Eur\u00f3pa Kultur\u00e1lis F\u0151v\u00e1rosa 2023 rendezv\u00e9nysorozat vez\u00e9rigazgat\u00f3ja \u00e1ll. A Forbes magazin ismertet\u0151je szerint az illusztris n\u00e9vsorban szerepl\u0151 n\u0151k &quot;\u00e9rt\u00e9kes kapcsolati h\u00e1l\u00f3val \u00e9s t\u0151k\u00e9vel rendelkeznek, tekint\u00e9lyes b\u00fcdzs\u00e9t kezelnek, fontos \u00fcgyekben mernek v\u00e9lem\u00e9nyt form\u00e1lni, \u00e9s hallatj\u00e1k a hangjukat.&quot;{:}\" \/>\n<meta property=\"og:url\" content=\"https:\/\/archive.iask.hu\/en\/magyar-a-legbefolyasosabb-magyar-nok-egyike-markovits-aliz\/\" \/>\n<meta property=\"og:site_name\" content=\"iASK - Fels\u0151bbfok\u00fa Tanulm\u00e1nyok Int\u00e9zete, K\u0151szeg\" \/>\n<meta property=\"article:published_time\" content=\"2023-03-21T16:37:52+00:00\" \/>\n<meta property=\"article:modified_time\" content=\"2023-03-21T16:54:21+00:00\" \/>\n<meta property=\"og:image\" content=\"http:\/\/archive.iask.hu\/wp-content\/uploads\/2023\/03\/boritokep-aliz.jpg\" \/>\n\t<meta property=\"og:image:width\" content=\"1920\" \/>\n\t<meta property=\"og:image:height\" content=\"1281\" \/>\n<meta name=\"twitter:card\" content=\"summary_large_image\" \/>\n<meta name=\"twitter:label1\" content=\"Szerz\u0151:\" \/>\n\t<meta name=\"twitter:data1\" content=\"agnes.kovacs@archive.iask.hu\" \/>\n\t<meta name=\"twitter:label2\" content=\"Becs\u00fclt olvas\u00e1si id\u0151\" \/>\n\t<meta name=\"twitter:data2\" content=\"1 perc\" \/>\n<script type=\"application\/ld+json\" class=\"yoast-schema-graph\">{\"@context\":\"https:\/\/schema.org\",\"@graph\":[{\"@type\":\"WebSite\",\"@id\":\"https:\/\/archive.iask.hu\/en\/#website\",\"url\":\"https:\/\/archive.iask.hu\/en\/\",\"name\":\"iASK - Fels\\u0151bbfok\\u00fa Tanulm\\u00e1nyok Int\\u00e9zete, K\\u0151szeg\",\"description\":\"Az Int\\u00e9zet c\\u00e9lja, hogy egy\\u00fcv\\u00e9 szervezze a szellemileg nyitott, b\\u00e1tor, egym\\u00e1ssal egy\\u00fcttm\\u0171k\\u00f6dni k\\u00edv\\u00e1n\\u00f3, alkot\\u00f3 \\u00e9s gondolkod\\u00f3 szakembereket \\u00e9s tud\\u00f3sokat.\",\"potentialAction\":[{\"@type\":\"SearchAction\",\"target\":{\"@type\":\"EntryPoint\",\"urlTemplate\":\"https:\/\/archive.iask.hu\/en\/?s={search_term_string}\"},\"query-input\":\"required name=search_term_string\"}],\"inLanguage\":\"hu\"},{\"@type\":\"ImageObject\",\"@id\":\"https:\/\/archive.iask.hu\/en\/magyar-a-legbefolyasosabb-magyar-nok-egyike-markovits-aliz\/#primaryimage\",\"inLanguage\":\"hu\",\"url\":\"https:\/\/archive.iask.hu\/wp-content\/uploads\/2023\/03\/boritokep-aliz.jpg\",\"contentUrl\":\"https:\/\/archive.iask.hu\/wp-content\/uploads\/2023\/03\/boritokep-aliz.jpg\",\"width\":1920,\"height\":1281},{\"@type\":\"WebPage\",\"@id\":\"https:\/\/archive.iask.hu\/en\/magyar-a-legbefolyasosabb-magyar-nok-egyike-markovits-aliz\/#webpage\",\"url\":\"https:\/\/archive.iask.hu\/en\/magyar-a-legbefolyasosabb-magyar-nok-egyike-markovits-aliz\/\",\"name\":\"A legbefoly\\u00e1sosabb magyar n\\u0151k k\\u00f6z\\u00f6tt Markovits Al\\u00edz - iASK - Fels\\u0151bbfok\\u00fa Tanulm\\u00e1nyok Int\\u00e9zete, K\\u0151szeg\",\"isPartOf\":{\"@id\":\"https:\/\/archive.iask.hu\/en\/#website\"},\"primaryImageOfPage\":{\"@id\":\"https:\/\/archive.iask.hu\/en\/magyar-a-legbefolyasosabb-magyar-nok-egyike-markovits-aliz\/#primaryimage\"},\"datePublished\":\"2023-03-21T16:37:52+00:00\",\"dateModified\":\"2023-03-21T16:54:21+00:00\",\"author\":{\"@id\":\"https:\/\/archive.iask.hu\/en\/#\/schema\/person\/24153460e9284217a95106a765993172\"},\"description\":\"{:hu}A legbefoly\\u00e1sosabb magyar n\\u0151k 2023 - kult\\u00fara list\\u00e1j\\u00e1n, a hetedik helyen Markovits Al\\u00edz a Veszpr\\u00e9m \\u2013 Balaton Eur\\u00f3pa Kultur\\u00e1lis F\\u0151v\\u00e1rosa 2023 rendezv\\u00e9nysorozat vez\\u00e9rigazgat\\u00f3ja \\u00e1ll. A Forbes magazin ismertet\\u0151je szerint az illusztris n\\u00e9vsorban szerepl\\u0151 n\\u0151k \\\"\\u00e9rt\\u00e9kes kapcsolati h\\u00e1l\\u00f3val \\u00e9s t\\u0151k\\u00e9vel rendelkeznek, tekint\\u00e9lyes b\\u00fcdzs\\u00e9t kezelnek, fontos \\u00fcgyekben mernek v\\u00e9lem\\u00e9nyt form\\u00e1lni, \\u00e9s hallatj\\u00e1k a hangjukat.\\\"{:}\",\"breadcrumb\":{\"@id\":\"https:\/\/archive.iask.hu\/en\/magyar-a-legbefolyasosabb-magyar-nok-egyike-markovits-aliz\/#breadcrumb\"},\"inLanguage\":\"hu\",\"potentialAction\":[{\"@type\":\"ReadAction\",\"target\":[\"https:\/\/archive.iask.hu\/en\/magyar-a-legbefolyasosabb-magyar-nok-egyike-markovits-aliz\/\"]}]},{\"@type\":\"BreadcrumbList\",\"@id\":\"https:\/\/archive.iask.hu\/en\/magyar-a-legbefolyasosabb-magyar-nok-egyike-markovits-aliz\/#breadcrumb\",\"itemListElement\":[{\"@type\":\"ListItem\",\"position\":1,\"name\":\"Home\",\"item\":\"https:\/\/archive.iask.hu\/en\/\"},{\"@type\":\"ListItem\",\"position\":2,\"name\":\"A legbefoly\\u00e1sosabb magyar n\\u0151k k\\u00f6z\\u00f6tt Markovits Al\\u00edz\"}]},{\"@type\":\"Person\",\"@id\":\"https:\/\/archive.iask.hu\/en\/#\/schema\/person\/24153460e9284217a95106a765993172\",\"name\":\"agnes.kovacs@archive.iask.hu\",\"image\":{\"@type\":\"ImageObject\",\"@id\":\"https:\/\/archive.iask.hu\/en\/#personlogo\",\"inLanguage\":\"hu\",\"url\":\"https:\/\/secure.gravatar.com\/avatar\/4b08722e48cc63f0604a83946850647d?s=96&d=mm&r=g\",\"contentUrl\":\"https:\/\/secure.gravatar.com\/avatar\/4b08722e48cc63f0604a83946850647d?s=96&d=mm&r=g\",\"caption\":\"agnes.kovacs@archive.iask.hu\"},\"url\":\"https:\/\/archive.iask.hu\/hu\/author\/agnes-kovacsiask-hu\/\"}]}<\/script>\n<!-- \/ Yoast SEO plugin. -->","yoast_head_json":{"title":"A legbefoly\u00e1sosabb magyar n\u0151k k\u00f6z\u00f6tt Markovits Al\u00edz - iASK - Fels\u0151bbfok\u00fa Tanulm\u00e1nyok Int\u00e9zete, K\u0151szeg","description":"A legbefoly\u00e1sosabb magyar n\u0151k 2023 - kult\u00fara list\u00e1j\u00e1n, a hetedik helyen Markovits Al\u00edz a Veszpr\u00e9m \u2013 Balaton Eur\u00f3pa Kultur\u00e1lis F\u0151v\u00e1rosa 2023 rendezv\u00e9nysorozat vez\u00e9rigazgat\u00f3ja \u00e1ll. A Forbes magazin ismertet\u0151je szerint az illusztris n\u00e9vsorban szerepl\u0151 n\u0151k \"\u00e9rt\u00e9kes kapcsolati h\u00e1l\u00f3val \u00e9s t\u0151k\u00e9vel rendelkeznek, tekint\u00e9lyes b\u00fcdzs\u00e9t kezelnek, fontos \u00fcgyekben mernek v\u00e9lem\u00e9nyt form\u00e1lni, \u00e9s hallatj\u00e1k a hangjukat.\"","robots":{"index":"index","follow":"follow","max-snippet":"max-snippet:-1","max-image-preview":"max-image-preview:large","max-video-preview":"max-video-preview:-1"},"canonical":"https:\/\/archive.iask.hu\/en\/magyar-a-legbefolyasosabb-magyar-nok-egyike-markovits-aliz\/","og_locale":"hu_HU","og_type":"article","og_title":"A legbefoly\u00e1sosabb magyar n\u0151k k\u00f6z\u00f6tt Markovits Al\u00edz - iASK - Fels\u0151bbfok\u00fa Tanulm\u00e1nyok Int\u00e9zete, K\u0151szeg","og_description":"{:hu}A legbefoly\u00e1sosabb magyar n\u0151k 2023 - kult\u00fara list\u00e1j\u00e1n, a hetedik helyen Markovits Al\u00edz a Veszpr\u00e9m \u2013 Balaton Eur\u00f3pa Kultur\u00e1lis F\u0151v\u00e1rosa 2023 rendezv\u00e9nysorozat vez\u00e9rigazgat\u00f3ja \u00e1ll. A Forbes magazin ismertet\u0151je szerint az illusztris n\u00e9vsorban szerepl\u0151 n\u0151k \"\u00e9rt\u00e9kes kapcsolati h\u00e1l\u00f3val \u00e9s t\u0151k\u00e9vel rendelkeznek, tekint\u00e9lyes b\u00fcdzs\u00e9t kezelnek, fontos \u00fcgyekben mernek v\u00e9lem\u00e9nyt form\u00e1lni, \u00e9s hallatj\u00e1k a hangjukat.\"{:}","og_url":"https:\/\/archive.iask.hu\/en\/magyar-a-legbefolyasosabb-magyar-nok-egyike-markovits-aliz\/","og_site_name":"iASK - Fels\u0151bbfok\u00fa Tanulm\u00e1nyok Int\u00e9zete, K\u0151szeg","article_published_time":"2023-03-21T16:37:52+00:00","article_modified_time":"2023-03-21T16:54:21+00:00","og_image":[{"width":1920,"height":1281,"url":"http:\/\/archive.iask.hu\/wp-content\/uploads\/2023\/03\/boritokep-aliz.jpg","path":"\/home\/archive\/public_html\/wp-content\/uploads\/2023\/03\/boritokep-aliz.jpg","size":"full","id":27678,"alt":"","pixels":2459520,"type":"image\/jpeg"}],"twitter_card":"summary_large_image","twitter_misc":{"Szerz\u0151:":"agnes.kovacs@archive.iask.hu","Becs\u00fclt olvas\u00e1si id\u0151":"1 perc"},"schema":{"@context":"https:\/\/schema.org","@graph":[{"@type":"WebSite","@id":"https:\/\/archive.iask.hu\/en\/#website","url":"https:\/\/archive.iask.hu\/en\/","name":"iASK - Fels\u0151bbfok\u00fa Tanulm\u00e1nyok Int\u00e9zete, K\u0151szeg","description":"Az Int\u00e9zet c\u00e9lja, hogy egy\u00fcv\u00e9 szervezze a szellemileg nyitott, b\u00e1tor, egym\u00e1ssal egy\u00fcttm\u0171k\u00f6dni k\u00edv\u00e1n\u00f3, alkot\u00f3 \u00e9s gondolkod\u00f3 szakembereket \u00e9s tud\u00f3sokat.","potentialAction":[{"@type":"SearchAction","target":{"@type":"EntryPoint","urlTemplate":"https:\/\/archive.iask.hu\/en\/?s={search_term_string}"},"query-input":"required name=search_term_string"}],"inLanguage":"hu"},{"@type":"ImageObject","@id":"https:\/\/archive.iask.hu\/en\/magyar-a-legbefolyasosabb-magyar-nok-egyike-markovits-aliz\/#primaryimage","inLanguage":"hu","url":"https:\/\/archive.iask.hu\/wp-content\/uploads\/2023\/03\/boritokep-aliz.jpg","contentUrl":"https:\/\/archive.iask.hu\/wp-content\/uploads\/2023\/03\/boritokep-aliz.jpg","width":1920,"height":1281},{"@type":"WebPage","@id":"https:\/\/archive.iask.hu\/en\/magyar-a-legbefolyasosabb-magyar-nok-egyike-markovits-aliz\/#webpage","url":"https:\/\/archive.iask.hu\/en\/magyar-a-legbefolyasosabb-magyar-nok-egyike-markovits-aliz\/","name":"A legbefoly\u00e1sosabb magyar n\u0151k k\u00f6z\u00f6tt Markovits Al\u00edz - iASK - Fels\u0151bbfok\u00fa Tanulm\u00e1nyok Int\u00e9zete, K\u0151szeg","isPartOf":{"@id":"https:\/\/archive.iask.hu\/en\/#website"},"primaryImageOfPage":{"@id":"https:\/\/archive.iask.hu\/en\/magyar-a-legbefolyasosabb-magyar-nok-egyike-markovits-aliz\/#primaryimage"},"datePublished":"2023-03-21T16:37:52+00:00","dateModified":"2023-03-21T16:54:21+00:00","author":{"@id":"https:\/\/archive.iask.hu\/en\/#\/schema\/person\/24153460e9284217a95106a765993172"},"description":"{:hu}A legbefoly\u00e1sosabb magyar n\u0151k 2023 - kult\u00fara list\u00e1j\u00e1n, a hetedik helyen Markovits Al\u00edz a Veszpr\u00e9m \u2013 Balaton Eur\u00f3pa Kultur\u00e1lis F\u0151v\u00e1rosa 2023 rendezv\u00e9nysorozat vez\u00e9rigazgat\u00f3ja \u00e1ll. A Forbes magazin ismertet\u0151je szerint az illusztris n\u00e9vsorban szerepl\u0151 n\u0151k \"\u00e9rt\u00e9kes kapcsolati h\u00e1l\u00f3val \u00e9s t\u0151k\u00e9vel rendelkeznek, tekint\u00e9lyes b\u00fcdzs\u00e9t kezelnek, fontos \u00fcgyekben mernek v\u00e9lem\u00e9nyt form\u00e1lni, \u00e9s hallatj\u00e1k a hangjukat.\"{:}","breadcrumb":{"@id":"https:\/\/archive.iask.hu\/en\/magyar-a-legbefolyasosabb-magyar-nok-egyike-markovits-aliz\/#breadcrumb"},"inLanguage":"hu","potentialAction":[{"@type":"ReadAction","target":["https:\/\/archive.iask.hu\/en\/magyar-a-legbefolyasosabb-magyar-nok-egyike-markovits-aliz\/"]}]},{"@type":"BreadcrumbList","@id":"https:\/\/archive.iask.hu\/en\/magyar-a-legbefolyasosabb-magyar-nok-egyike-markovits-aliz\/#breadcrumb","itemListElement":[{"@type":"ListItem","position":1,"name":"Home","item":"https:\/\/archive.iask.hu\/en\/"},{"@type":"ListItem","position":2,"name":"A legbefoly\u00e1sosabb magyar n\u0151k k\u00f6z\u00f6tt Markovits Al\u00edz"}]},{"@type":"Person","@id":"https:\/\/archive.iask.hu\/en\/#\/schema\/person\/24153460e9284217a95106a765993172","name":"agnes.kovacs@archive.iask.hu","image":{"@type":"ImageObject","@id":"https:\/\/archive.iask.hu\/en\/#personlogo","inLanguage":"hu","url":"https:\/\/secure.gravatar.com\/avatar\/4b08722e48cc63f0604a83946850647d?s=96&d=mm&r=g","contentUrl":"https:\/\/secure.gravatar.com\/avatar\/4b08722e48cc63f0604a83946850647d?s=96&d=mm&r=g","caption":"agnes.kovacs@archive.iask.hu"},"url":"https:\/\/archive.iask.hu\/hu\/author\/agnes-kovacsiask-hu\/"}]}},"_links":{"self":[{"href":"https:\/\/archive.iask.hu\/hu\/wp-json\/wp\/v2\/posts\/27673"}],"collection":[{"href":"https:\/\/archive.iask.hu\/hu\/wp-json\/wp\/v2\/posts"}],"about":[{"href":"https:\/\/archive.iask.hu\/hu\/wp-json\/wp\/v2\/types\/post"}],"author":[{"embeddable":true,"href":"https:\/\/archive.iask.hu\/hu\/wp-json\/wp\/v2\/users\/227"}],"replies":[{"embeddable":true,"href":"https:\/\/archive.iask.hu\/hu\/wp-json\/wp\/v2\/comments?post=27673"}],"version-history":[{"count":7,"href":"https:\/\/archive.iask.hu\/hu\/wp-json\/wp\/v2\/posts\/27673\/revisions"}],"predecessor-version":[{"id":27687,"href":"https:\/\/archive.iask.hu\/hu\/wp-json\/wp\/v2\/posts\/27673\/revisions\/27687"}],"wp:featuredmedia":[{"embeddable":true,"href":"https:\/\/archive.iask.hu\/hu\/wp-json\/wp\/v2\/media\/27678"}],"wp:attachment":[{"href":"https:\/\/archive.iask.hu\/hu\/wp-json\/wp\/v2\/media?parent=27673"}],"wp:term":[{"taxonomy":"category","embeddable":true,"href":"https:\/\/archive.iask.hu\/hu\/wp-json\/wp\/v2\/categories?post=27673"},{"taxonomy":"post_tag","embeddable":true,"href":"https:\/\/archive.iask.hu\/hu\/wp-json\/wp\/v2\/tags?post=27673"}],"curies":[{"name":"wp","href":"https:\/\/api.w.org\/{rel}","templated":true}]}}