{"id":3327,"date":"2017-11-15T10:00:16","date_gmt":"2017-11-15T10:00:16","guid":{"rendered":"https:\/\/archive.iask.hu\/?p=3327"},"modified":"2018-01-10T07:54:07","modified_gmt":"2018-01-10T07:54:07","slug":"cdasfsafdsa","status":"publish","type":"post","link":"https:\/\/archive.iask.hu\/hu\/nemzetkozi-reakciok-az-1956-os-magyar-forradalomra\/","title":{"rendered":"Andr\u00e1s Nagy: International Responses to the Hungarian 1956 Revolution"},"content":{"rendered":"<p>[vc_row][vc_column][vc_tta_tabs][vc_tta_section i_icon_fontawesome=&#8221;fa fa-address-card&#8221; add_icon=&#8221;true&#8221; title=&#8221;Text&#8221; tab_id=&#8221;1513860064541-e01e2654-5a86&#8243;][vc_column_text]<strong>Revelations Based on New Archival Evidence\u00a0\u00a0<\/strong><\/p>\n<p>More than six decades had passed after the Soviet Army brutally crashed the Hungarian Revolution yet its significance does not seem to diminish. Besides being a turning point of Hungarian history, its direct and indirect international influence was the same significant as the responses were, given by different countries to the euphoric, then to the tragic facets of the uprising.<\/p>\n<div><strong>Lecturer:<a href=\"https:\/\/archive.iask.hu\/people\/nagy-andras\/\">\u00a0Andr\u00e1s Nagy &#8211;\u00a0researcher of IASK;\u00a0associate\u00a0professor of\u00a0University Pannonia<\/a>\u00a0<\/strong><\/div>\n<div><\/div>\n<p><!--more--><\/p>\n<div><strong>\u00a0<\/strong><\/div>\n<div>\n<div id=\"attachment_3623\" style=\"width: 310px\" class=\"wp-caption alignnone\"><img loading=\"lazy\" decoding=\"async\" aria-describedby=\"caption-attachment-3623\" class=\"size-medium wp-image-3623\" src=\"http:\/\/archive.iask.hu\/wp-content\/uploads\/2017\/11\/nagy-andras-pe-300x283.jpg\" alt=\"\" width=\"300\" height=\"283\" srcset=\"https:\/\/archive.iask.hu\/wp-content\/uploads\/2017\/11\/nagy-andras-pe-300x283.jpg 300w, https:\/\/archive.iask.hu\/wp-content\/uploads\/2017\/11\/nagy-andras-pe.jpg 636w\" sizes=\"(max-width: 300px) 100vw, 300px\" \/><p id=\"caption-attachment-3623\" class=\"wp-caption-text\">Nagy Andr\u00e1s historian (University of Pannonia)<\/p><\/div>\n<\/div>\n<div>\n<div>The source of hope for many Hungarians during the Revolution and afterwards was the international community, as Hungary joined the United Nations in 1955. However the Charter was adopted by the Stalinist leaders while the concrete operations in New York were executed by the secret police.<\/div>\n<blockquote>\n<div>During the critical days the UN failed to deal with the Hungarian \u201cproblem\u201d (in their terminology) politically, yet the organization assisted in solving the humanitarian crises both inside Hungary and outside (as 200.000 refugees left the country). While the actions and inactions of the UN became transparent based on recently declassified documents, it seems to be evident that several acts of sabotage avoided any kind of political solution.<\/div>\n<\/blockquote>\n<div>\n<p>The variety of responses given by the UN member states was also significant. Beyond the concentric rings of the Central and Eastern European socialist countries, which responded differently to the \u201ccounter-revolution\u201d as they defined the events of 1956 (from Poland to Rumania) the Yugoslav reaction was crucial and fatal, Belgrade being also one of the leaders of the non-aligned nations\u2019 movement, opening larger concentric rings of the \u201cthird world\u201d countries.<\/p>\n<p>Newly accessible documents also demonstrate the Hungarian Revolution\u2019s influence from a global perspective, as the UN\u2019s machinery demanded several nations\u2019 representatives to join the \u201cSpecial Committee on the Problem of Hungary\u201d (Denmark, Ceylon, Australia, Tunisia and Uruguay), while in the years to come a politician from Thailand and later one from New Zealand represented Hungary at the UN General Assembly. All these helped to establish a global discourse on the Hungarian events that can be revealed by the lately accessible documents. All these help to understand the tragically complex situation that concluded in the abandonment of Hungary by the UN yet clearly referred to the dynamics of international decision making that has serious consequences even until today.<\/p>\n<div>Date:\u00a0<strong>20th of November 2017 &#8211; at 10.00<\/strong><\/div>\n<div><\/div>\n<div>Venue: <strong>Zwinger &#8211; K\u0151szeg 9730 Chernel st. 16.<\/strong><\/div>\n<p>&nbsp;<\/p>\n<\/div>\n<\/div>\n<p>[\/vc_column_text][\/vc_tta_section][vc_tta_section title=&#8221;Video&#8221; tab_id=&#8221;1513860064562-56a3a1a4-9f04&#8243;]\r\n\t\t<iframe loading=\"lazy\" width=\"640\" height=\"360\" src=\"https:\/\/www.youtube.com\/embed\/ssNCphV0odU\" frameborder=\"0\" scrolling=\"no\" allowfullscreen><\/iframe>\r\n\r\n\t    [\/vc_tta_section][\/vc_tta_tabs][vc_column_text][\/vc_column_text][\/vc_column][\/vc_row]<\/p>\n","protected":false},"excerpt":{"rendered":"<p>(English) More than six decades had passed after the Soviet Army brutally crashed the Hungarian Revolution yet its significance does not seem to diminish.<\/p>\n","protected":false},"author":209,"featured_media":3620,"comment_status":"closed","ping_status":"closed","sticky":false,"template":"","format":"standard","meta":{"footnotes":""},"categories":[92,32,238,69],"tags":[],"yoast_head":"<!-- This site is optimized with the Yoast SEO plugin v16.7 - https:\/\/yoast.com\/wordpress\/plugins\/seo\/ -->\n<title>Andr\u00e1s Nagy: International Responses to the Hungarian 1956 Revolution - iASK - Fels\u0151bbfok\u00fa Tanulm\u00e1nyok Int\u00e9zete, K\u0151szeg<\/title>\n<meta name=\"robots\" content=\"index, follow, max-snippet:-1, max-image-preview:large, max-video-preview:-1\" \/>\n<link rel=\"canonical\" href=\"https:\/\/archive.iask.hu\/hu\/nemzetkozi-reakciok-az-1956-os-magyar-forradalomra\/\" \/>\n<meta property=\"og:locale\" content=\"hu_HU\" \/>\n<meta property=\"og:type\" content=\"article\" \/>\n<meta property=\"og:title\" content=\"Andr\u00e1s Nagy: International Responses to the Hungarian 1956 Revolution - iASK - Fels\u0151bbfok\u00fa Tanulm\u00e1nyok Int\u00e9zete, K\u0151szeg\" \/>\n<meta property=\"og:description\" content=\"(English) More than six decades had passed after the Soviet Army brutally crashed the Hungarian Revolution yet its significance does not seem to diminish.\" \/>\n<meta property=\"og:url\" content=\"https:\/\/archive.iask.hu\/hu\/nemzetkozi-reakciok-az-1956-os-magyar-forradalomra\/\" \/>\n<meta property=\"og:site_name\" content=\"iASK - Fels\u0151bbfok\u00fa Tanulm\u00e1nyok Int\u00e9zete, K\u0151szeg\" \/>\n<meta property=\"article:published_time\" content=\"2017-11-15T10:00:16+00:00\" \/>\n<meta property=\"article:modified_time\" content=\"2018-01-10T07:54:07+00:00\" \/>\n<meta property=\"og:image\" content=\"http:\/\/archive.iask.hu\/wp-content\/uploads\/2017\/11\/1956.jpg\" \/>\n\t<meta property=\"og:image:width\" content=\"1050\" \/>\n\t<meta property=\"og:image:height\" content=\"850\" \/>\n<meta name=\"twitter:card\" content=\"summary_large_image\" \/>\n<meta name=\"twitter:label1\" content=\"Szerz\u0151:\" \/>\n\t<meta name=\"twitter:data1\" content=\"Gerg\u0151 Rozner\" \/>\n\t<meta name=\"twitter:label2\" content=\"Becs\u00fclt olvas\u00e1si id\u0151\" \/>\n\t<meta name=\"twitter:data2\" content=\"2 perc\" \/>\n<script type=\"application\/ld+json\" class=\"yoast-schema-graph\">{\"@context\":\"https:\/\/schema.org\",\"@graph\":[{\"@type\":\"WebSite\",\"@id\":\"https:\/\/archive.iask.hu\/en\/#website\",\"url\":\"https:\/\/archive.iask.hu\/en\/\",\"name\":\"iASK - Fels\\u0151bbfok\\u00fa Tanulm\\u00e1nyok Int\\u00e9zete, K\\u0151szeg\",\"description\":\"Az Int\\u00e9zet c\\u00e9lja, hogy egy\\u00fcv\\u00e9 szervezze a szellemileg nyitott, b\\u00e1tor, egym\\u00e1ssal egy\\u00fcttm\\u0171k\\u00f6dni k\\u00edv\\u00e1n\\u00f3, alkot\\u00f3 \\u00e9s gondolkod\\u00f3 szakembereket \\u00e9s tud\\u00f3sokat.\",\"potentialAction\":[{\"@type\":\"SearchAction\",\"target\":{\"@type\":\"EntryPoint\",\"urlTemplate\":\"https:\/\/archive.iask.hu\/en\/?s={search_term_string}\"},\"query-input\":\"required name=search_term_string\"}],\"inLanguage\":\"hu\"},{\"@type\":\"ImageObject\",\"@id\":\"https:\/\/archive.iask.hu\/hu\/nemzetkozi-reakciok-az-1956-os-magyar-forradalomra\/#primaryimage\",\"inLanguage\":\"hu\",\"url\":\"https:\/\/archive.iask.hu\/wp-content\/uploads\/2017\/11\/1956.jpg\",\"contentUrl\":\"https:\/\/archive.iask.hu\/wp-content\/uploads\/2017\/11\/1956.jpg\",\"width\":1050,\"height\":850},{\"@type\":\"WebPage\",\"@id\":\"https:\/\/archive.iask.hu\/hu\/nemzetkozi-reakciok-az-1956-os-magyar-forradalomra\/#webpage\",\"url\":\"https:\/\/archive.iask.hu\/hu\/nemzetkozi-reakciok-az-1956-os-magyar-forradalomra\/\",\"name\":\"Andr\\u00e1s Nagy: International Responses to the Hungarian 1956 Revolution - iASK - Fels\\u0151bbfok\\u00fa Tanulm\\u00e1nyok Int\\u00e9zete, K\\u0151szeg\",\"isPartOf\":{\"@id\":\"https:\/\/archive.iask.hu\/en\/#website\"},\"primaryImageOfPage\":{\"@id\":\"https:\/\/archive.iask.hu\/hu\/nemzetkozi-reakciok-az-1956-os-magyar-forradalomra\/#primaryimage\"},\"datePublished\":\"2017-11-15T10:00:16+00:00\",\"dateModified\":\"2018-01-10T07:54:07+00:00\",\"author\":{\"@id\":\"https:\/\/archive.iask.hu\/en\/#\/schema\/person\/00871de8a3d5a20371f26a00c517a4cc\"},\"breadcrumb\":{\"@id\":\"https:\/\/archive.iask.hu\/hu\/nemzetkozi-reakciok-az-1956-os-magyar-forradalomra\/#breadcrumb\"},\"inLanguage\":\"hu\",\"potentialAction\":[{\"@type\":\"ReadAction\",\"target\":[\"https:\/\/archive.iask.hu\/hu\/nemzetkozi-reakciok-az-1956-os-magyar-forradalomra\/\"]}]},{\"@type\":\"BreadcrumbList\",\"@id\":\"https:\/\/archive.iask.hu\/hu\/nemzetkozi-reakciok-az-1956-os-magyar-forradalomra\/#breadcrumb\",\"itemListElement\":[{\"@type\":\"ListItem\",\"position\":1,\"name\":\"Home\",\"item\":\"https:\/\/archive.iask.hu\/en\/\"},{\"@type\":\"ListItem\",\"position\":2,\"name\":\"Andr\\u00e1s Nagy: International Responses to the Hungarian 1956 Revolution\"}]},{\"@type\":\"Person\",\"@id\":\"https:\/\/archive.iask.hu\/en\/#\/schema\/person\/00871de8a3d5a20371f26a00c517a4cc\",\"name\":\"Gerg\\u0151 Rozner\",\"image\":{\"@type\":\"ImageObject\",\"@id\":\"https:\/\/archive.iask.hu\/en\/#personlogo\",\"inLanguage\":\"hu\",\"url\":\"https:\/\/secure.gravatar.com\/avatar\/36066dbc6d7f141aff328b26e9271b7b?s=96&d=mm&r=g\",\"contentUrl\":\"https:\/\/secure.gravatar.com\/avatar\/36066dbc6d7f141aff328b26e9271b7b?s=96&d=mm&r=g\",\"caption\":\"Gerg\\u0151 Rozner\"},\"url\":\"https:\/\/archive.iask.hu\/hu\/author\/gergo-rozneriask-hu\/\"}]}<\/script>\n<!-- \/ Yoast SEO plugin. -->","yoast_head_json":{"title":"Andr\u00e1s Nagy: International Responses to the Hungarian 1956 Revolution - iASK - Fels\u0151bbfok\u00fa Tanulm\u00e1nyok Int\u00e9zete, K\u0151szeg","robots":{"index":"index","follow":"follow","max-snippet":"max-snippet:-1","max-image-preview":"max-image-preview:large","max-video-preview":"max-video-preview:-1"},"canonical":"https:\/\/archive.iask.hu\/hu\/nemzetkozi-reakciok-az-1956-os-magyar-forradalomra\/","og_locale":"hu_HU","og_type":"article","og_title":"Andr\u00e1s Nagy: International Responses to the Hungarian 1956 Revolution - iASK - Fels\u0151bbfok\u00fa Tanulm\u00e1nyok Int\u00e9zete, K\u0151szeg","og_description":"(English) More than six decades had passed after the Soviet Army brutally crashed the Hungarian Revolution yet its significance does not seem to diminish.","og_url":"https:\/\/archive.iask.hu\/hu\/nemzetkozi-reakciok-az-1956-os-magyar-forradalomra\/","og_site_name":"iASK - Fels\u0151bbfok\u00fa Tanulm\u00e1nyok Int\u00e9zete, K\u0151szeg","article_published_time":"2017-11-15T10:00:16+00:00","article_modified_time":"2018-01-10T07:54:07+00:00","og_image":[{"width":1050,"height":850,"url":"http:\/\/archive.iask.hu\/wp-content\/uploads\/2017\/11\/1956.jpg","path":"\/home\/archive\/public_html\/wp-content\/uploads\/2017\/11\/1956.jpg","size":"full","id":3620,"alt":"","pixels":892500,"type":"image\/jpeg"}],"twitter_card":"summary_large_image","twitter_misc":{"Szerz\u0151:":"Gerg\u0151 Rozner","Becs\u00fclt olvas\u00e1si id\u0151":"2 perc"},"schema":{"@context":"https:\/\/schema.org","@graph":[{"@type":"WebSite","@id":"https:\/\/archive.iask.hu\/en\/#website","url":"https:\/\/archive.iask.hu\/en\/","name":"iASK - Fels\u0151bbfok\u00fa Tanulm\u00e1nyok Int\u00e9zete, K\u0151szeg","description":"Az Int\u00e9zet c\u00e9lja, hogy egy\u00fcv\u00e9 szervezze a szellemileg nyitott, b\u00e1tor, egym\u00e1ssal egy\u00fcttm\u0171k\u00f6dni k\u00edv\u00e1n\u00f3, alkot\u00f3 \u00e9s gondolkod\u00f3 szakembereket \u00e9s tud\u00f3sokat.","potentialAction":[{"@type":"SearchAction","target":{"@type":"EntryPoint","urlTemplate":"https:\/\/archive.iask.hu\/en\/?s={search_term_string}"},"query-input":"required name=search_term_string"}],"inLanguage":"hu"},{"@type":"ImageObject","@id":"https:\/\/archive.iask.hu\/hu\/nemzetkozi-reakciok-az-1956-os-magyar-forradalomra\/#primaryimage","inLanguage":"hu","url":"https:\/\/archive.iask.hu\/wp-content\/uploads\/2017\/11\/1956.jpg","contentUrl":"https:\/\/archive.iask.hu\/wp-content\/uploads\/2017\/11\/1956.jpg","width":1050,"height":850},{"@type":"WebPage","@id":"https:\/\/archive.iask.hu\/hu\/nemzetkozi-reakciok-az-1956-os-magyar-forradalomra\/#webpage","url":"https:\/\/archive.iask.hu\/hu\/nemzetkozi-reakciok-az-1956-os-magyar-forradalomra\/","name":"Andr\u00e1s Nagy: International Responses to the Hungarian 1956 Revolution - iASK - Fels\u0151bbfok\u00fa Tanulm\u00e1nyok Int\u00e9zete, K\u0151szeg","isPartOf":{"@id":"https:\/\/archive.iask.hu\/en\/#website"},"primaryImageOfPage":{"@id":"https:\/\/archive.iask.hu\/hu\/nemzetkozi-reakciok-az-1956-os-magyar-forradalomra\/#primaryimage"},"datePublished":"2017-11-15T10:00:16+00:00","dateModified":"2018-01-10T07:54:07+00:00","author":{"@id":"https:\/\/archive.iask.hu\/en\/#\/schema\/person\/00871de8a3d5a20371f26a00c517a4cc"},"breadcrumb":{"@id":"https:\/\/archive.iask.hu\/hu\/nemzetkozi-reakciok-az-1956-os-magyar-forradalomra\/#breadcrumb"},"inLanguage":"hu","potentialAction":[{"@type":"ReadAction","target":["https:\/\/archive.iask.hu\/hu\/nemzetkozi-reakciok-az-1956-os-magyar-forradalomra\/"]}]},{"@type":"BreadcrumbList","@id":"https:\/\/archive.iask.hu\/hu\/nemzetkozi-reakciok-az-1956-os-magyar-forradalomra\/#breadcrumb","itemListElement":[{"@type":"ListItem","position":1,"name":"Home","item":"https:\/\/archive.iask.hu\/en\/"},{"@type":"ListItem","position":2,"name":"Andr\u00e1s Nagy: International Responses to the Hungarian 1956 Revolution"}]},{"@type":"Person","@id":"https:\/\/archive.iask.hu\/en\/#\/schema\/person\/00871de8a3d5a20371f26a00c517a4cc","name":"Gerg\u0151 Rozner","image":{"@type":"ImageObject","@id":"https:\/\/archive.iask.hu\/en\/#personlogo","inLanguage":"hu","url":"https:\/\/secure.gravatar.com\/avatar\/36066dbc6d7f141aff328b26e9271b7b?s=96&d=mm&r=g","contentUrl":"https:\/\/secure.gravatar.com\/avatar\/36066dbc6d7f141aff328b26e9271b7b?s=96&d=mm&r=g","caption":"Gerg\u0151 Rozner"},"url":"https:\/\/archive.iask.hu\/hu\/author\/gergo-rozneriask-hu\/"}]}},"_links":{"self":[{"href":"https:\/\/archive.iask.hu\/hu\/wp-json\/wp\/v2\/posts\/3327"}],"collection":[{"href":"https:\/\/archive.iask.hu\/hu\/wp-json\/wp\/v2\/posts"}],"about":[{"href":"https:\/\/archive.iask.hu\/hu\/wp-json\/wp\/v2\/types\/post"}],"author":[{"embeddable":true,"href":"https:\/\/archive.iask.hu\/hu\/wp-json\/wp\/v2\/users\/209"}],"replies":[{"embeddable":true,"href":"https:\/\/archive.iask.hu\/hu\/wp-json\/wp\/v2\/comments?post=3327"}],"version-history":[{"count":18,"href":"https:\/\/archive.iask.hu\/hu\/wp-json\/wp\/v2\/posts\/3327\/revisions"}],"predecessor-version":[{"id":3677,"href":"https:\/\/archive.iask.hu\/hu\/wp-json\/wp\/v2\/posts\/3327\/revisions\/3677"}],"wp:featuredmedia":[{"embeddable":true,"href":"https:\/\/archive.iask.hu\/hu\/wp-json\/wp\/v2\/media\/3620"}],"wp:attachment":[{"href":"https:\/\/archive.iask.hu\/hu\/wp-json\/wp\/v2\/media?parent=3327"}],"wp:term":[{"taxonomy":"category","embeddable":true,"href":"https:\/\/archive.iask.hu\/hu\/wp-json\/wp\/v2\/categories?post=3327"},{"taxonomy":"post_tag","embeddable":true,"href":"https:\/\/archive.iask.hu\/hu\/wp-json\/wp\/v2\/tags?post=3327"}],"curies":[{"name":"wp","href":"https:\/\/api.w.org\/{rel}","templated":true}]}}