{"id":3510,"date":"2017-11-06T14:18:08","date_gmt":"2017-11-06T14:18:08","guid":{"rendered":"https:\/\/archive.iask.hu\/hu\/?p=3510"},"modified":"2018-02-19T12:44:52","modified_gmt":"2018-02-19T12:44:52","slug":"ad-memoriam-obsidionis-koszegiensis","status":"publish","type":"post","link":"https:\/\/archive.iask.hu\/hu\/elismert-eletutak-a-szabad-kiralyi-varosnapon\/","title":{"rendered":"Elismert \u00e9letutak a Szabad Kir\u00e1lyi V\u00e1rosnapon"},"content":{"rendered":"<div class=\"enews-article-lead\">\u201eAd Memoriam Obsidionis K\u0151szegiensis\u201d<br \/>\nK\u0151szeg v\u00e1ros\u00e9rt d\u00edjat kapott Miszlivetz Ferenc az FTI-IASK f\u0151igazgat\u00f3ja a Kir\u00e1lyi v\u00e1rosnapon a v\u00e1rosi \u00f6nkorm\u00e1nyzatt\u00f3l.<br \/>\nAz elismer\u00e9st Huber L\u00e1szl\u00f3 adta \u00e1t a Jurisics V\u00e1r Lovagterm\u00e9ben az \u00fcnnepi k\u00f6zgy\u0171l\u00e9s keretei k\u00f6z\u00f6tt.<\/div>\n<p><!--more--><\/p>\n<div class=\"enews-article-lead\">A Szabad Kir\u00e1lyi V\u00e1rosnap alkalm\u00e1b\u00f3l \u00fcnnepi test\u00fcleti \u00fcl\u00e9st tartottak a v\u00e1rosaty\u00e1k K\u0151szegen a Jurisics-v\u00e1r lovagterm\u00e9ben, ahol rangos d\u00edjakat adtak \u00e1t.<\/div>\n<div class=\"enews-article-content\">\n<p>Sz\u00e1mos elismer\u00e9s tal\u00e1lt gazd\u00e1ra K\u0151szegen a Szabad Kir\u00e1lyi V\u00e1rosnapon, ahol olyan embereket d\u00edjaztak, akik sokat tettek a telep\u00fcl\u00e9s siker\u00e9\u00e9rt. K\u00f6zt\u00fck Miszlivetz Ferenc professzort, az FTI-iASK f\u0151igazgat\u00f3j\u00e1t, aki a K\u0151szeg v\u00e1ros\u00e9rt d\u00edjat kapta.<\/p>\n<\/div>\n<p>&nbsp;<\/p>\n<p>K\u0151szeg V\u00e1ros D\u00edszpolg\u00e1ra c\u00edmet id\u00e9n Gr\u00e1f Zsuzsanna kapta, aki az idei nagyszab\u00e1s\u00fa Kod\u00e1ly-\u00fcnnep meg\u00e1lmod\u00e1s\u00e1ban \u00e9s szervez\u00e9s\u00e9ben vezet\u0151 szerepet v\u00e1llalt.<\/p>\n<p><a href=\"http:\/\/archive.iask.hu\/wp-content\/uploads\/2017\/12\/mf-varosert-2017-11-16.jpg\"><img loading=\"lazy\" decoding=\"async\" class=\"alignright wp-image-3513 size-medium\" src=\"http:\/\/archive.iask.hu\/wp-content\/uploads\/2017\/12\/mf-varosert-2017-11-16-300x200.jpg\" alt=\"\" width=\"300\" height=\"200\" srcset=\"https:\/\/archive.iask.hu\/wp-content\/uploads\/2017\/12\/mf-varosert-2017-11-16-300x200.jpg 300w, https:\/\/archive.iask.hu\/wp-content\/uploads\/2017\/12\/mf-varosert-2017-11-16-768x512.jpg 768w, https:\/\/archive.iask.hu\/wp-content\/uploads\/2017\/12\/mf-varosert-2017-11-16-700x467.jpg 700w, https:\/\/archive.iask.hu\/wp-content\/uploads\/2017\/12\/mf-varosert-2017-11-16-400x267.jpg 400w, https:\/\/archive.iask.hu\/wp-content\/uploads\/2017\/12\/mf-varosert-2017-11-16-200x133.jpg 200w, https:\/\/archive.iask.hu\/wp-content\/uploads\/2017\/12\/mf-varosert-2017-11-16.jpg 960w\" sizes=\"(max-width: 300px) 100vw, 300px\" \/><\/a>K\u0151szeg V\u00e1ros\u00e9rt D\u00edjat vehetett \u00e1t prof. dr. Miszlivetz Ferenc szociol\u00f3gus, t\u00f6rt\u00e9n\u00e9sz, tan\u00e1r, az MTA doktora \u00e9s a Fels\u0151bbfok\u00fa Tanulm\u00e1nyok Int\u00e9zet\u00e9nek f\u0151igazgat\u00f3ja, aki a KRAFT program vezet\u0151jek\u00e9nt sokat tett az\u00e9rt, hogy tov\u00e1bb fejl\u0151dj\u00f6n K\u0151szeg szellemi \u00e9lete. Ugyancsak ezt a d\u00edjat vehette \u00e1t N\u00e9meth J\u00e1nos tan\u00e1r \u00e9s fest\u0151m\u0171v\u00e9sz, a helyi civil szervezetek meghat\u00e1roz\u00f3 alakja. Pro Communitate D\u00edj k\u00f6z-igazgat\u00e1si tagozata elismer\u00e9sben r\u00e9szes\u00fclt dr. Nagy Edina aljegyz\u0151, a d\u00edj oktat\u00e1si, kultur\u00e1lis tagozat\u00e1ban pedig T\u00f3th\u00e1rp\u00e1d Ferenc \u00e9s Szalai Barnab\u00e1sn\u00e9. K\u0151szeg \u00d6nkorm\u00e1nyzat\u00e1nak Kit\u00fcntet\u0151 Oklevel\u00e9t vehette \u00e1t Kondicsn\u00e9 L\u0151b Ildik\u00f3, Gurisatti G\u00e1bor, Baranyai Tibor \u00e9s Poch\u00e1nn\u00e9 Poleszny\u00e1k \u00c1gota. K\u0151szeg V\u00e1ros Eur\u00f3pai Kapcsolatai\u00e9rt Kit\u00fcntet\u0151 Oklevelet kapott Lepold \u00c1gnes Bogl\u00e1rka, Nagy Marietta \u00c1gnes, Ing. Karol Kv\u00e1l, Szenc v\u00e1ros\u00e1nak polg\u00e1rmestere \u00e9s Vrabel Anna, Nyitragerencs\u00e9r polg\u00e1rmestere.<\/p>\n<p>J\u00f3 tanul\u00f3, j\u00f3 sportol\u00f3 elismer\u00e9seket is \u00e1tadtak \u00e9s a Viriliseket, azaz a legt\u00f6bb ad\u00f3t fizet\u0151 v\u00e1llalkoz\u00f3kat \u00e9s v\u00e1llalkoz\u00e1sokat is d\u00edjazt\u00e1k.<\/p>\n","protected":false},"excerpt":{"rendered":"<p>K\u0151szeg v\u00e1ros\u00e9rt d\u00edjat kapott Miszlivetz Ferenc az FTI-IASK f\u0151igazgat\u00f3ja. Az elismer\u00e9st Huber L\u00e1szl\u00f3 polg\u00e1rmester adta \u00e1t a Jurisics V\u00e1r Lovagterm\u00e9ben az \u00fcnnepi k\u00f6zgy\u0171l\u00e9s keretei k\u00f6z\u00f6tt.<\/p>\n","protected":false},"author":41,"featured_media":7904,"comment_status":"closed","ping_status":"closed","sticky":false,"template":"","format":"standard","meta":{"footnotes":""},"categories":[39,110,238,107],"tags":[],"yoast_head":"<!-- This site is optimized with the Yoast SEO plugin v16.7 - https:\/\/yoast.com\/wordpress\/plugins\/seo\/ -->\n<title>Elismert \u00e9letutak a Szabad Kir\u00e1lyi V\u00e1rosnapon - iASK - Fels\u0151bbfok\u00fa Tanulm\u00e1nyok Int\u00e9zete, K\u0151szeg<\/title>\n<meta name=\"robots\" content=\"index, follow, max-snippet:-1, max-image-preview:large, max-video-preview:-1\" \/>\n<link rel=\"canonical\" href=\"https:\/\/archive.iask.hu\/en\/ad-memoriam-obsidionis-koszegiensis\/\" \/>\n<meta property=\"og:locale\" content=\"hu_HU\" \/>\n<meta property=\"og:type\" content=\"article\" \/>\n<meta property=\"og:title\" content=\"Elismert \u00e9letutak a Szabad Kir\u00e1lyi V\u00e1rosnapon - iASK - Fels\u0151bbfok\u00fa Tanulm\u00e1nyok Int\u00e9zete, K\u0151szeg\" \/>\n<meta property=\"og:description\" content=\"K\u0151szeg v\u00e1ros\u00e9rt d\u00edjat kapott Miszlivetz Ferenc az FTI-IASK f\u0151igazgat\u00f3ja. Az elismer\u00e9st Huber L\u00e1szl\u00f3 polg\u00e1rmester adta \u00e1t a Jurisics V\u00e1r Lovagterm\u00e9ben az \u00fcnnepi k\u00f6zgy\u0171l\u00e9s keretei k\u00f6z\u00f6tt.\" \/>\n<meta property=\"og:url\" content=\"https:\/\/archive.iask.hu\/en\/ad-memoriam-obsidionis-koszegiensis\/\" \/>\n<meta property=\"og:site_name\" content=\"iASK - Fels\u0151bbfok\u00fa Tanulm\u00e1nyok Int\u00e9zete, K\u0151szeg\" \/>\n<meta property=\"article:published_time\" content=\"2017-11-06T14:18:08+00:00\" \/>\n<meta property=\"article:modified_time\" content=\"2018-02-19T12:44:52+00:00\" \/>\n<meta property=\"og:image\" content=\"http:\/\/archive.iask.hu\/wp-content\/uploads\/2017\/11\/koszeg_varosert.jpg\" \/>\n\t<meta property=\"og:image:width\" content=\"360\" \/>\n\t<meta property=\"og:image:height\" content=\"240\" \/>\n<meta name=\"twitter:card\" content=\"summary_large_image\" \/>\n<meta name=\"twitter:label1\" content=\"Szerz\u0151:\" \/>\n\t<meta name=\"twitter:data1\" content=\"Bal\u00e1zs Heged\u0171s\" \/>\n\t<meta name=\"twitter:label2\" content=\"Becs\u00fclt olvas\u00e1si id\u0151\" \/>\n\t<meta name=\"twitter:data2\" content=\"2 perc\" \/>\n<script type=\"application\/ld+json\" class=\"yoast-schema-graph\">{\"@context\":\"https:\/\/schema.org\",\"@graph\":[{\"@type\":\"WebSite\",\"@id\":\"https:\/\/archive.iask.hu\/en\/#website\",\"url\":\"https:\/\/archive.iask.hu\/en\/\",\"name\":\"iASK - Fels\\u0151bbfok\\u00fa Tanulm\\u00e1nyok Int\\u00e9zete, K\\u0151szeg\",\"description\":\"Az Int\\u00e9zet c\\u00e9lja, hogy egy\\u00fcv\\u00e9 szervezze a szellemileg nyitott, b\\u00e1tor, egym\\u00e1ssal egy\\u00fcttm\\u0171k\\u00f6dni k\\u00edv\\u00e1n\\u00f3, alkot\\u00f3 \\u00e9s gondolkod\\u00f3 szakembereket \\u00e9s tud\\u00f3sokat.\",\"potentialAction\":[{\"@type\":\"SearchAction\",\"target\":{\"@type\":\"EntryPoint\",\"urlTemplate\":\"https:\/\/archive.iask.hu\/en\/?s={search_term_string}\"},\"query-input\":\"required name=search_term_string\"}],\"inLanguage\":\"hu\"},{\"@type\":\"ImageObject\",\"@id\":\"https:\/\/archive.iask.hu\/en\/ad-memoriam-obsidionis-koszegiensis\/#primaryimage\",\"inLanguage\":\"hu\",\"url\":\"https:\/\/archive.iask.hu\/wp-content\/uploads\/2017\/11\/koszeg_varosert.jpg\",\"contentUrl\":\"https:\/\/archive.iask.hu\/wp-content\/uploads\/2017\/11\/koszeg_varosert.jpg\",\"width\":360,\"height\":240},{\"@type\":\"WebPage\",\"@id\":\"https:\/\/archive.iask.hu\/en\/ad-memoriam-obsidionis-koszegiensis\/#webpage\",\"url\":\"https:\/\/archive.iask.hu\/en\/ad-memoriam-obsidionis-koszegiensis\/\",\"name\":\"Elismert \\u00e9letutak a Szabad Kir\\u00e1lyi V\\u00e1rosnapon - iASK - Fels\\u0151bbfok\\u00fa Tanulm\\u00e1nyok Int\\u00e9zete, K\\u0151szeg\",\"isPartOf\":{\"@id\":\"https:\/\/archive.iask.hu\/en\/#website\"},\"primaryImageOfPage\":{\"@id\":\"https:\/\/archive.iask.hu\/en\/ad-memoriam-obsidionis-koszegiensis\/#primaryimage\"},\"datePublished\":\"2017-11-06T14:18:08+00:00\",\"dateModified\":\"2018-02-19T12:44:52+00:00\",\"author\":{\"@id\":\"https:\/\/archive.iask.hu\/en\/#\/schema\/person\/035fd4e4ffcc592e96119c3d013c8825\"},\"breadcrumb\":{\"@id\":\"https:\/\/archive.iask.hu\/en\/ad-memoriam-obsidionis-koszegiensis\/#breadcrumb\"},\"inLanguage\":\"hu\",\"potentialAction\":[{\"@type\":\"ReadAction\",\"target\":[\"https:\/\/archive.iask.hu\/en\/ad-memoriam-obsidionis-koszegiensis\/\"]}]},{\"@type\":\"BreadcrumbList\",\"@id\":\"https:\/\/archive.iask.hu\/en\/ad-memoriam-obsidionis-koszegiensis\/#breadcrumb\",\"itemListElement\":[{\"@type\":\"ListItem\",\"position\":1,\"name\":\"Home\",\"item\":\"https:\/\/archive.iask.hu\/en\/\"},{\"@type\":\"ListItem\",\"position\":2,\"name\":\"Elismert \\u00e9letutak a Szabad Kir\\u00e1lyi V\\u00e1rosnapon\"}]},{\"@type\":\"Person\",\"@id\":\"https:\/\/archive.iask.hu\/en\/#\/schema\/person\/035fd4e4ffcc592e96119c3d013c8825\",\"name\":\"Bal\\u00e1zs Heged\\u0171s\",\"image\":{\"@type\":\"ImageObject\",\"@id\":\"https:\/\/archive.iask.hu\/en\/#personlogo\",\"inLanguage\":\"hu\",\"url\":\"https:\/\/secure.gravatar.com\/avatar\/08c2d1318b6f018b97088830599c0d78?s=96&d=mm&r=g\",\"contentUrl\":\"https:\/\/secure.gravatar.com\/avatar\/08c2d1318b6f018b97088830599c0d78?s=96&d=mm&r=g\",\"caption\":\"Bal\\u00e1zs Heged\\u0171s\"},\"url\":\"https:\/\/archive.iask.hu\/hu\/author\/balazs-hegedus\/\"}]}<\/script>\n<!-- \/ Yoast SEO plugin. -->","yoast_head_json":{"title":"Elismert \u00e9letutak a Szabad Kir\u00e1lyi V\u00e1rosnapon - iASK - Fels\u0151bbfok\u00fa Tanulm\u00e1nyok Int\u00e9zete, K\u0151szeg","robots":{"index":"index","follow":"follow","max-snippet":"max-snippet:-1","max-image-preview":"max-image-preview:large","max-video-preview":"max-video-preview:-1"},"canonical":"https:\/\/archive.iask.hu\/en\/ad-memoriam-obsidionis-koszegiensis\/","og_locale":"hu_HU","og_type":"article","og_title":"Elismert \u00e9letutak a Szabad Kir\u00e1lyi V\u00e1rosnapon - iASK - Fels\u0151bbfok\u00fa Tanulm\u00e1nyok Int\u00e9zete, K\u0151szeg","og_description":"K\u0151szeg v\u00e1ros\u00e9rt d\u00edjat kapott Miszlivetz Ferenc az FTI-IASK f\u0151igazgat\u00f3ja. Az elismer\u00e9st Huber L\u00e1szl\u00f3 polg\u00e1rmester adta \u00e1t a Jurisics V\u00e1r Lovagterm\u00e9ben az \u00fcnnepi k\u00f6zgy\u0171l\u00e9s keretei k\u00f6z\u00f6tt.","og_url":"https:\/\/archive.iask.hu\/en\/ad-memoriam-obsidionis-koszegiensis\/","og_site_name":"iASK - Fels\u0151bbfok\u00fa Tanulm\u00e1nyok Int\u00e9zete, K\u0151szeg","article_published_time":"2017-11-06T14:18:08+00:00","article_modified_time":"2018-02-19T12:44:52+00:00","og_image":[{"width":360,"height":240,"url":"http:\/\/archive.iask.hu\/wp-content\/uploads\/2017\/11\/koszeg_varosert.jpg","path":"\/home\/archive\/public_html\/wp-content\/uploads\/2017\/11\/koszeg_varosert.jpg","size":"full","id":7904,"alt":"","pixels":86400,"type":"image\/jpeg"}],"twitter_card":"summary_large_image","twitter_misc":{"Szerz\u0151:":"Bal\u00e1zs Heged\u0171s","Becs\u00fclt olvas\u00e1si id\u0151":"2 perc"},"schema":{"@context":"https:\/\/schema.org","@graph":[{"@type":"WebSite","@id":"https:\/\/archive.iask.hu\/en\/#website","url":"https:\/\/archive.iask.hu\/en\/","name":"iASK - Fels\u0151bbfok\u00fa Tanulm\u00e1nyok Int\u00e9zete, K\u0151szeg","description":"Az Int\u00e9zet c\u00e9lja, hogy egy\u00fcv\u00e9 szervezze a szellemileg nyitott, b\u00e1tor, egym\u00e1ssal egy\u00fcttm\u0171k\u00f6dni k\u00edv\u00e1n\u00f3, alkot\u00f3 \u00e9s gondolkod\u00f3 szakembereket \u00e9s tud\u00f3sokat.","potentialAction":[{"@type":"SearchAction","target":{"@type":"EntryPoint","urlTemplate":"https:\/\/archive.iask.hu\/en\/?s={search_term_string}"},"query-input":"required name=search_term_string"}],"inLanguage":"hu"},{"@type":"ImageObject","@id":"https:\/\/archive.iask.hu\/en\/ad-memoriam-obsidionis-koszegiensis\/#primaryimage","inLanguage":"hu","url":"https:\/\/archive.iask.hu\/wp-content\/uploads\/2017\/11\/koszeg_varosert.jpg","contentUrl":"https:\/\/archive.iask.hu\/wp-content\/uploads\/2017\/11\/koszeg_varosert.jpg","width":360,"height":240},{"@type":"WebPage","@id":"https:\/\/archive.iask.hu\/en\/ad-memoriam-obsidionis-koszegiensis\/#webpage","url":"https:\/\/archive.iask.hu\/en\/ad-memoriam-obsidionis-koszegiensis\/","name":"Elismert \u00e9letutak a Szabad Kir\u00e1lyi V\u00e1rosnapon - iASK - Fels\u0151bbfok\u00fa Tanulm\u00e1nyok Int\u00e9zete, K\u0151szeg","isPartOf":{"@id":"https:\/\/archive.iask.hu\/en\/#website"},"primaryImageOfPage":{"@id":"https:\/\/archive.iask.hu\/en\/ad-memoriam-obsidionis-koszegiensis\/#primaryimage"},"datePublished":"2017-11-06T14:18:08+00:00","dateModified":"2018-02-19T12:44:52+00:00","author":{"@id":"https:\/\/archive.iask.hu\/en\/#\/schema\/person\/035fd4e4ffcc592e96119c3d013c8825"},"breadcrumb":{"@id":"https:\/\/archive.iask.hu\/en\/ad-memoriam-obsidionis-koszegiensis\/#breadcrumb"},"inLanguage":"hu","potentialAction":[{"@type":"ReadAction","target":["https:\/\/archive.iask.hu\/en\/ad-memoriam-obsidionis-koszegiensis\/"]}]},{"@type":"BreadcrumbList","@id":"https:\/\/archive.iask.hu\/en\/ad-memoriam-obsidionis-koszegiensis\/#breadcrumb","itemListElement":[{"@type":"ListItem","position":1,"name":"Home","item":"https:\/\/archive.iask.hu\/en\/"},{"@type":"ListItem","position":2,"name":"Elismert \u00e9letutak a Szabad Kir\u00e1lyi V\u00e1rosnapon"}]},{"@type":"Person","@id":"https:\/\/archive.iask.hu\/en\/#\/schema\/person\/035fd4e4ffcc592e96119c3d013c8825","name":"Bal\u00e1zs Heged\u0171s","image":{"@type":"ImageObject","@id":"https:\/\/archive.iask.hu\/en\/#personlogo","inLanguage":"hu","url":"https:\/\/secure.gravatar.com\/avatar\/08c2d1318b6f018b97088830599c0d78?s=96&d=mm&r=g","contentUrl":"https:\/\/secure.gravatar.com\/avatar\/08c2d1318b6f018b97088830599c0d78?s=96&d=mm&r=g","caption":"Bal\u00e1zs Heged\u0171s"},"url":"https:\/\/archive.iask.hu\/hu\/author\/balazs-hegedus\/"}]}},"_links":{"self":[{"href":"https:\/\/archive.iask.hu\/hu\/wp-json\/wp\/v2\/posts\/3510"}],"collection":[{"href":"https:\/\/archive.iask.hu\/hu\/wp-json\/wp\/v2\/posts"}],"about":[{"href":"https:\/\/archive.iask.hu\/hu\/wp-json\/wp\/v2\/types\/post"}],"author":[{"embeddable":true,"href":"https:\/\/archive.iask.hu\/hu\/wp-json\/wp\/v2\/users\/41"}],"replies":[{"embeddable":true,"href":"https:\/\/archive.iask.hu\/hu\/wp-json\/wp\/v2\/comments?post=3510"}],"version-history":[{"count":8,"href":"https:\/\/archive.iask.hu\/hu\/wp-json\/wp\/v2\/posts\/3510\/revisions"}],"predecessor-version":[{"id":5304,"href":"https:\/\/archive.iask.hu\/hu\/wp-json\/wp\/v2\/posts\/3510\/revisions\/5304"}],"wp:featuredmedia":[{"embeddable":true,"href":"https:\/\/archive.iask.hu\/hu\/wp-json\/wp\/v2\/media\/7904"}],"wp:attachment":[{"href":"https:\/\/archive.iask.hu\/hu\/wp-json\/wp\/v2\/media?parent=3510"}],"wp:term":[{"taxonomy":"category","embeddable":true,"href":"https:\/\/archive.iask.hu\/hu\/wp-json\/wp\/v2\/categories?post=3510"},{"taxonomy":"post_tag","embeddable":true,"href":"https:\/\/archive.iask.hu\/hu\/wp-json\/wp\/v2\/tags?post=3510"}],"curies":[{"name":"wp","href":"https:\/\/api.w.org\/{rel}","templated":true}]}}