{"id":7932,"date":"2017-04-20T14:44:44","date_gmt":"2017-04-20T14:44:44","guid":{"rendered":"https:\/\/archive.iask.hu\/hu\/?p=7932"},"modified":"2018-03-22T07:50:43","modified_gmt":"2018-03-22T07:50:43","slug":"az-fti-iask-vezetoi-moszkvaban-rias-nal","status":"publish","type":"post","link":"https:\/\/archive.iask.hu\/hu\/az-fti-iask-vezetoi-moszkvaban-a-rias-nal\/","title":{"rendered":"Az FTI-iASK vezet\u0151i Moszkv\u00e1ban a RIAS-n\u00e1l"},"content":{"rendered":"<blockquote><p>A Moszkvai \u00c1llami Pedag\u00f3giai Egyetem Oroszorsz\u00e1gi Fels\u0151bbfok\u00fa Tanulm\u00e1nyok Int\u00e9zete (RIAS) megh\u00edv\u00e1s\u00e1ra 2017. \u00e1prilis 17-20. k\u00f6z\u00f6tt az orosz f\u0151v\u00e1rosban j\u00e1rt\u00a0<strong>Miszlivetz Ferenc,<\/strong>\u00a0a k\u0151szegi Fels\u0151bbfok\u00fa Tanulm\u00e1nyok Int\u00e9zet\u00e9nek f\u0151igazgat\u00f3ja,\u00a0<strong>Jody Jensen<\/strong>, az FTI Pol\u00e1nyi K\u00f6zpontj\u00e1nak vezet\u0151je \u00e9s\u00a0<strong>Csepeli Gy\u00f6rgy<\/strong>\u00a0szociol\u00f3gus, az FTI vezet\u0151 kutat\u00f3ja, hogy r\u00e9szt vegyenek a RIAS \u00e1ltal koordin\u00e1lt tudom\u00e1nypolitikai Jean Monnet projekt nemzetk\u00f6zi konferenci\u00e1n, \u00e9s szak\u00e9rt\u0151k\u00e9nt hozz\u00e1j\u00e1ruljanak a projekt eredm\u00e9nyek\u00e9nt k\u00e9sz\u00fcl\u0151 policy aj\u00e1nl\u00e1sok megalapoz\u00e1s\u00e1ban.<\/p><\/blockquote>\n<div id=\"attachment_8373\" style=\"width: 310px\" class=\"wp-caption alignleft\"><img loading=\"lazy\" decoding=\"async\" aria-describedby=\"caption-attachment-8373\" class=\"wp-image-8373 size-medium\" src=\"http:\/\/archive.iask.hu\/wp-content\/uploads\/2018\/02\/mf_in_moscow_team_photo-300x200.jpg\" alt=\"\" width=\"300\" height=\"200\" srcset=\"https:\/\/archive.iask.hu\/wp-content\/uploads\/2018\/02\/mf_in_moscow_team_photo-300x200.jpg 300w, https:\/\/archive.iask.hu\/wp-content\/uploads\/2018\/02\/mf_in_moscow_team_photo-768x512.jpg 768w, https:\/\/archive.iask.hu\/wp-content\/uploads\/2018\/02\/mf_in_moscow_team_photo-700x467.jpg 700w, https:\/\/archive.iask.hu\/wp-content\/uploads\/2018\/02\/mf_in_moscow_team_photo-400x267.jpg 400w, https:\/\/archive.iask.hu\/wp-content\/uploads\/2018\/02\/mf_in_moscow_team_photo-200x133.jpg 200w, https:\/\/archive.iask.hu\/wp-content\/uploads\/2018\/02\/mf_in_moscow_team_photo.jpg 1000w\" sizes=\"(max-width: 300px) 100vw, 300px\" \/><p id=\"caption-attachment-8373\" class=\"wp-caption-text\">A moszkvai RIAS \u00e9s az FTI-iASK csapata<\/p><\/div>\n<p>Nem ez az els\u0151 alkalom, hogy az FTI-iASK f\u0151munkat\u00e1rsai r\u00e9szt vesztnek a RIAS Jean Monnet projekt esem\u00e9ny\u00e9n: 2016. j\u00falius\u00e1ban Csepeli Gy\u00f6rgy dolgozott az orosz di\u00e1kokkal a Jean Monnet workshopon, 2017. febru\u00e1rj\u00e1ban pedig\u00a0<strong>B\u00e1ba Iv\u00e1n<\/strong>\u00a0\u00e9s\u00a0<strong>P\u00f3k Attila<\/strong>\u00a0professzorok tartottak el\u0151ad\u00e1sokat. A RIAS ugyanis &#8211; a fels\u0151bbfok\u00fa tanulm\u00e1nyok int\u00e9zet\u00e9nek hagyom\u00e1nyos funkci\u00f3inak bet\u00f6lt\u00e9se mellett &#8211; a moszkvai pedag\u00f3giai egyetem Erasmus+ programjainak kezel\u0151je \u00e9s kezdem\u00e9nyez\u0151je: jelenleg k\u00e9t Jean Monnet lez\u00e1r\u00e1s\u00e1hoz k\u00f6zelednek, s most nyert\u00e9k el a t\u00e1mogat\u00e1st a Jean Monnet Centre of Excellence megalap\u00edt\u00e1s\u00e1hoz \u00e9s egy h\u00e1rom\u00e9ves migr\u00e1ci\u00f3s projekt v\u00e9grehajt\u00e1s\u00e1hoz. A 2017. \u00e1prilis 17-\u00e9n tartott projektind\u00edt\u00f3 tal\u00e1lkoz\u00f3n ott volt az iASK k\u00e9pvisel\u0151je is, hogy a k\u0151szegi int\u00e9zet szak\u00e9rt\u0151i h\u00e1tter\u00e9t bevonva komparat\u00edv vizsg\u00e1latokkal, eur\u00f3pai tapasztalatokkal seg\u00edts\u00e9k az ambici\u00f3zus k\u00e9pz\u00e9si terv kidolgoz\u00e1s\u00e1t: hogyan k\u00e9sz\u00edthet\u0151k fel a pedag\u00f3gia-szakos hallgat\u00f3k az orsz\u00e1gba \u00e9rkez\u0151 migr\u00e1nsok \u00e9s gyermekeik integrat\u00edv oktat\u00e1s\u00e1ra int\u00e9zm\u00e9nyi \u00e9s inform\u00e1lis, k\u00f6zvetlen \u00e9s t\u00e1voktat\u00e1si form\u00e1kban.<\/p>\n<p>Erre az &#8222;el\u0151t\u00f6rt\u00e9netre&#8221; alapozva folytatott t\u00e1rgyal\u00e1sokat Miszlivetz Ferenc f\u0151igazgat\u00f3 a Moszkvai \u00c1llami Pedag\u00f3giai Egyetem (MSPU) rektorhelyettes\u00e9vel,\u00a0<strong>V.P. Dronov<\/strong>\u00a0akad\u00e9mikussal, valamint\u00a0<a href=\"http:\/\/eng.rias.online\/people\/director\/\"><strong>Rustem J. Gubadulinnal<\/strong>, a RIAS igazgat\u00f3j\u00e1val.<\/a> A form\u00e1l\u00f3d\u00f3 egy\u00fcttm\u0171k\u00f6d\u00e9s els\u0151 l\u00e9p\u00e9sek\u00e9nt a k\u00e9t f\u00e9l a junior \u00e9s senior kutat\u00f3k cser\u00e9j\u00e9t tervezi a megl\u00e9v\u0151 \u00f6szt\u00f6nd\u00edj-programok \u00e9s egy\u00e9b esem\u00e9nyek keret\u00e9ben: az iASK f\u0151igazgat\u00f3ja m\u00e1ris \u00e1tadta az int\u00e9zet megh\u00edv\u00e1s\u00e1t a 2017. \u00e9vi Nemzetk\u00f6zi Ny\u00e1ri Egyetemre.<\/p>\n<div id=\"attachment_8376\" style=\"width: 310px\" class=\"wp-caption alignright\"><img loading=\"lazy\" decoding=\"async\" aria-describedby=\"caption-attachment-8376\" class=\"wp-image-8376 size-medium\" src=\"http:\/\/archive.iask.hu\/wp-content\/uploads\/2018\/03\/mf_moscow_kortunov-300x200.jpg\" alt=\"\" width=\"300\" height=\"200\" srcset=\"https:\/\/archive.iask.hu\/wp-content\/uploads\/2018\/03\/mf_moscow_kortunov-300x200.jpg 300w, https:\/\/archive.iask.hu\/wp-content\/uploads\/2018\/03\/mf_moscow_kortunov-768x512.jpg 768w, https:\/\/archive.iask.hu\/wp-content\/uploads\/2018\/03\/mf_moscow_kortunov-700x467.jpg 700w, https:\/\/archive.iask.hu\/wp-content\/uploads\/2018\/03\/mf_moscow_kortunov-400x267.jpg 400w, https:\/\/archive.iask.hu\/wp-content\/uploads\/2018\/03\/mf_moscow_kortunov-200x133.jpg 200w, https:\/\/archive.iask.hu\/wp-content\/uploads\/2018\/03\/mf_moscow_kortunov.jpg 1000w\" sizes=\"(max-width: 300px) 100vw, 300px\" \/><p id=\"caption-attachment-8376\" class=\"wp-caption-text\">Rustem J. Gubadulin, a moszkvai RIAS igazgat\u00f3ja<\/p><\/div>\n<p>A lehets\u00e9ges k\u00f6z\u00f6s kutat\u00e1si projektt\u00e9m\u00e1k \u00e9s k\u00f6z\u00f6s p\u00e1ly\u00e1zati sz\u00e1nd\u00e9kok k\u00f6z\u00f6tt els\u0151 helyen szerepel a migr\u00e1ci\u00f3, valamint az egyetemi \u00e9s glob\u00e1lis oktat\u00e1si reform probl\u00e9m\u00e1ja, Dronov akad\u00e9mikus mint f\u00f6ldrajztud\u00f3s \u00e9rdekl\u0151d\u00e9s\u00e9t ugyanakkor azonnal f\u00f6lkeltette a KRAFT program koncepci\u00f3ja \u00e9s Oroszorsz\u00e1gban is alkalmazhat\u00f3 gyakorlata. Az egy\u00fcttm\u0171k\u00f6d\u00e9si sz\u00e1nd\u00e9kot a k\u00e9t f\u00e9l hamarosan keretmeg\u00e1llapod\u00e1sban r\u00f6gz\u00edti, a gyakorlati v\u00e9grehajt\u00e1st Kiss Ilona, a RIAS munkat\u00e1rsa koordin\u00e1lja.<\/p>\n<p>Az moszkvai tart\u00f3zkod\u00e1s sor\u00e1n tov\u00e1bbi fontos szakmai tal\u00e1lkoz\u00f3kra is sor ker\u00fclt. Ezek k\u00f6z\u00fcl is kiemelkedik az Oroszorsz\u00e1gi Nemzetk\u00f6zi Tan\u00e1csn\u00e1l\u00a0<a href=\"http:\/\/russiancouncil.ru\/\">(<\/a><strong><a href=\"http:\/\/russiancouncil.ru\/\">RIAC)<\/a><\/strong>\u00a0tett l\u00e1togat\u00e1s, amely m\u00e1ra az egyik legfontosabb orosz nem-korm\u00e1nyzati szervezet, amely az akad\u00e9miai \u00e9s civil vil\u00e1g, illetve az \u00e1llami szervek k\u00f6z\u00f6tti k\u00f6zvet\u00edt\u00e9st \u00e9s interakci\u00f3t tekinti f\u0151 feladat\u00e1nak. A Tan\u00e1cs \u00fcgyvezet\u0151 igazgat\u00f3ja,\u00a0<strong>Andrej Kortunov<\/strong>\u00a0nemzetk\u00f6zi szak\u00e9rt\u0151 \u00e9s Miszlivetz Ferenc f\u0151igazgat\u00f3 sz\u00e1mos k\u00f6z\u00f6s pontot jel\u00f6lt meg a k\u00e9t int\u00e9zm\u00e9ny tev\u00e9kenys\u00e9g\u00e9ben \u00e9s k\u00e9pz\u00e9si programjaiban, egyebek k\u00f6z\u00f6tt a migr\u00e1ci\u00f3- \u00e9s globaliz\u00e1ci\u00f3-kutat\u00e1s, valamint a d\u00f6nt\u00e9smegalapoz\u00f3 h\u00e1tt\u00e9r-kutat\u00e1sok ter\u00e9n, ez\u00e9rt az egy\u00fcttm\u0171k\u00f6d\u00e9s tervez\u00e9sekor els\u0151sorban a szak\u00e9rt\u0151k cser\u00e9j\u00e9re helyezt\u00e9k a hangs\u00falyt. Andrej Kortunov rendk\u00edv\u00fcl \u00e9rdekes, gyors\u00a0elemz\u00e9st adott Oroszorsz\u00e1g jelenlegi helyzet\u00e9r\u0151l \u00e9s a k\u00f6zelj\u00f6v\u0151 v\u00e1rhat\u00f3 moderniz\u00e1ci\u00f3s tendenci\u00e1ir\u00f3l.<\/p>\n<div id=\"attachment_8375\" style=\"width: 310px\" class=\"wp-caption alignleft\"><img loading=\"lazy\" decoding=\"async\" aria-describedby=\"caption-attachment-8375\" class=\"wp-image-8375 size-medium\" src=\"http:\/\/archive.iask.hu\/wp-content\/uploads\/2018\/03\/mf_in_moscow_2-300x210.jpg\" alt=\"\" width=\"300\" height=\"210\" srcset=\"https:\/\/archive.iask.hu\/wp-content\/uploads\/2018\/03\/mf_in_moscow_2-300x210.jpg 300w, https:\/\/archive.iask.hu\/wp-content\/uploads\/2018\/03\/mf_in_moscow_2-768x536.jpg 768w, https:\/\/archive.iask.hu\/wp-content\/uploads\/2018\/03\/mf_in_moscow_2-1024x715.jpg 1024w, https:\/\/archive.iask.hu\/wp-content\/uploads\/2018\/03\/mf_in_moscow_2.jpg 1920w\" sizes=\"(max-width: 300px) 100vw, 300px\" \/><p id=\"caption-attachment-8375\" class=\"wp-caption-text\">Az iASK vezet\u0151j\u00e9t fogadta\u00a0Alekszej Gromiko\u00a0Eur\u00f3pa-szak\u00e9rt\u0151<\/p><\/div>\n<p>Az Orosz Tudom\u00e1nyos Akad\u00e9mia Eur\u00f3pa Int\u00e9zet\u00e9nek megh\u00edv\u00e1s\u00e1ra Miszlivetz Ferenc f\u0151igazgat\u00f3 el\u0151ad\u00e1st tartott az Int\u00e9zet\u00a0<strong>Ljubov Siselina<\/strong>\u00a0professzor vezette Visegr\u00e1d K\u00f6zpontj\u00e1ban. A K\u00f6zpont munkat\u00e1rsai \u00e9s aspir\u00e1nsai els\u0151sorban arra voltak k\u00edv\u00e1ncsiak, mik\u00e9nt \u00edt\u00e9li meg Miszlivetz professzor a k\u00f6z\u00e9p-eur\u00f3pai r\u00e9gi\u00f3 helyzet\u00e9t Eur\u00f3p\u00e1ban \u00e9s glob\u00e1lis viszonylatokban, mennyiben befoly\u00e1solhatja a k\u00f6zelj\u00f6v\u0151 tendenci\u00e1it.\u00a0<a href=\"http:\/\/www.instituteofeurope.ru\/nauchnaya-zhizn\/novosti\/item\/ferenc-mislivec-v-institute-evropy\">Az iASK vezet\u0151j\u00e9t fogadta\u00a0<strong>Alekszej Gromiko<\/strong>\u00a0Eur\u00f3pa-szak\u00e9rt\u0151,\u00a0<\/a>az Orosz Tudom\u00e1nyos Akad\u00e9mia levelez\u0151 tagja, a fenn\u00e1ll\u00e1s\u00e1nak \u00e9pp 30. \u00e9vfordul\u00f3j\u00e1t \u00fcnnepl\u0151 Eur\u00f3pa Int\u00e9zet f\u0151igazgat\u00f3ja. Megbesz\u00e9l\u00e9s\u00fck\u00f6n f\u0151k\u00e9nt a fiatal kutat\u00f3k cser\u00e9j\u00e9re \u00e9s az Eur\u00f3pa-szak\u00e9rt\u0151k k\u00e9pz\u00e9s\u00e9ben val\u00f3 egy\u00fcttm\u0171k\u00f6d\u00e9s lehet\u0151s\u00e9geire helyezt\u00e9k a hangs\u00falyt.<\/p>\n<p>A r\u00f6vid moszkvai tart\u00f3zkod\u00e1s f\u0151 esem\u00e9nye term\u00e9szetesen a Jean Monnet konferencia volt, melyet\u00a0<em>A k\u00f6z\u00e9p-eur\u00f3pai EU-tagorsz\u00e1gok \u00e9s Oroszorsz\u00e1g tudom\u00e1nypolitik\u00e1ja: k\u00f6z\u00f6s m\u00falt &#8211; k\u00f6z\u00f6s kih\u00edv\u00e1sok<\/em>c\u00edmmel rendezett a RIAS vezette Jean Monnet projekt-team (\u2116 2015-0860 \/ 062-002). A konferencia els\u0151 plen\u00e1ris \u00fcl\u00e9s\u00e9t Miszlivecz Ferenc\u00a0<em>Pathways to The Formulation of New norms, new Knowledge and Future universities: a Black SWAn trajectory?<\/em>\u00a0c\u00edm\u0171 el\u0151ad\u00e1sa nyitotta, amely azonnal sok k\u00e9rd\u00e9st v\u00e1ltott ki a hallgat\u00f3s\u00e1g k\u00f6r\u00e9ben. Gondolatmenet\u00e9t folytatta Jody Jensen\u00a0<em>The Social Sciences in a Chaordic Age: A Search for New Meaning and Relevance\u00a0<\/em>c\u00edm\u0171, f\u0151k\u00e9nt a t\u00e1rsadalomtudom\u00e1nyok paradigmav\u00e1lt\u00e1s\u00e1ra koncentr\u00e1l\u00f3 el\u0151ad\u00e1sa. Csepeli Gy\u00f6rgy mindezen tendenci\u00e1k szoci\u00e1lpszichol\u00f3giai kontextus\u00e1t vizsg\u00e1lta az\u00a0<em>Acting together<\/em>\u00a0c. oktat\u00e1si k\u00eds\u00e9rletet \u00e9s elm\u00e9leti-m\u00f3dszertani h\u00e1tter\u00e9t bemutat\u00f3 el\u0151ad\u00e1s\u00e1ban, konkr\u00e9t multim\u00e9dia tananyagr\u00e9szletekkel illusztr\u00e1lva.<\/p>\n<blockquote><p>A konferencia egyik k\u00fcl\u00f6n szekci\u00f3j\u00e1ban a Jean Monnet projekt MA-hallgat\u00f3kb\u00f3l \u00e1ll\u00f3 teamje mutatta be a 13 \u00faj, 2004 ut\u00e1n csatlakozott EU-tagorsz\u00e1g tudom\u00e1nypolitikai tendenci\u00e1it, a tudom\u00e1nyos kutat\u00e1s \u00e9s finansz\u00edroz\u00e1s int\u00e9zm\u00e9nyrendszer\u00e9t, eredm\u00e9nyeit \u00e9s probl\u00e9m\u00e1it az Eur\u00f3pai Bizotts\u00e1g mellett m\u0171k\u00f6d\u0151 Joint Research Centre orsz\u00e1gjelent\u00e9sei alapj\u00e1n.<\/p><\/blockquote>\n<p>A fiatal kutat\u00f3k a kiterjedt adatb\u00e1zis alapj\u00e1n \u00f3ri\u00e1si kutat\u00f3munk\u00e1val k\u00e9sz\u00edtett \u00f6sszegz\u00e9sei m\u00e9g tov\u00e1bbi elemz\u00e9sre v\u00e1rnak, hogy a projekt eredm\u00e9nyek\u00e9nt kiadand\u00f3 k\u00f6tetben m\u00e1r a k\u00f6vetkeztet\u00e9sek, \u00f6sszevet\u00e9sek is megalapozottak legyenek. Ehhez a munk\u00e1hoz Miszlivetz Ferenc f\u0151igazgat\u00f3 konkr\u00e9t szak\u00e9rt\u0151i seg\u00edts\u00e9get \u00edg\u00e9rt a lelkes fiatal csoportnak.<\/p>\n<div id=\"attachment_8377\" style=\"width: 310px\" class=\"wp-caption alignright\"><img loading=\"lazy\" decoding=\"async\" aria-describedby=\"caption-attachment-8377\" class=\"wp-image-8377 size-medium\" src=\"http:\/\/archive.iask.hu\/wp-content\/uploads\/2018\/03\/mf_jj_moscow_rias_monet-300x200.jpg\" alt=\"\" width=\"300\" height=\"200\" srcset=\"https:\/\/archive.iask.hu\/wp-content\/uploads\/2018\/03\/mf_jj_moscow_rias_monet-300x200.jpg 300w, https:\/\/archive.iask.hu\/wp-content\/uploads\/2018\/03\/mf_jj_moscow_rias_monet-768x512.jpg 768w, https:\/\/archive.iask.hu\/wp-content\/uploads\/2018\/03\/mf_jj_moscow_rias_monet-700x467.jpg 700w, https:\/\/archive.iask.hu\/wp-content\/uploads\/2018\/03\/mf_jj_moscow_rias_monet-400x267.jpg 400w, https:\/\/archive.iask.hu\/wp-content\/uploads\/2018\/03\/mf_jj_moscow_rias_monet-200x133.jpg 200w, https:\/\/archive.iask.hu\/wp-content\/uploads\/2018\/03\/mf_jj_moscow_rias_monet.jpg 1000w\" sizes=\"(max-width: 300px) 100vw, 300px\" \/><p id=\"caption-attachment-8377\" class=\"wp-caption-text\">Az\u00a0FTI-iASK Jean Monnet professzora, Jody Jensen tartott nagy \u00e9rdekl\u0151d\u00e9st kiv\u00e1lt\u00f3 el\u0151ad\u00e1st<\/p><\/div>\n<p>A k\u00e9tnapos konferencia z\u00e1r\u00f3esem\u00e9nyek\u00e9nt a szervez\u0151k a 30 \u00e9ves jubileum\u00e1t \u00fcnnepl\u0151 Erasmus programok perspekt\u00edv\u00e1j\u00e1b\u00f3l foglalt\u00e1k \u00f6ssze az elhangzottakat. A Oroszorsz\u00e1gi Erasmus+ Iroda igazgat\u00f3helyettese, Natalja Akszjonova bevezet\u0151je ut\u00e1n az\u00a0FTI-iASK Jean Monnet professzora, Jody Jensen tartott rendk\u00edv\u00fcl nagy \u00e9rdekl\u0151d\u00e9st kiv\u00e1lt\u00f3 el\u0151ad\u00e1st. A hallgat\u00f3s\u00e1got k\u00fcl\u00f6n\u00f6sen az ragadta meg, ahogyan a professzor\u00a0asszony saj\u00e1t, t\u00f6bb mint m\u00e1sf\u00e9l \u00e9vtizedes, p\u00e1ly\u00e1z\u00f3k\u00e9nt, majd szak\u00e9rt\u0151k\u00e9nt szerzett szem\u00e9lyes tapasztalataira \u00e9p\u00edtve osztotta meg a sikeres Jean Monnet-p\u00e1ly\u00e1z\u00e1s &#8222;titkait&#8221;. Elmondta, hogy az \u00e9vek sor\u00e1n \u0151 maga legal\u00e1bb sz\u00e1z oroszorsz\u00e1gi p\u00e1ly\u00e1zatot \u00e9rt\u00e9kelt, s egyre jobb \u00e9s jobb p\u00e1lyamunk\u00e1kkal tal\u00e1lkozott. Szavai mintegy a konferencia c\u00edm\u00e9t is igazolt\u00e1k: a k\u00f6z\u00e9p- \u00e9s kelet-eur\u00f3pai &#8222;k\u00f6z\u00f6s m\u00falt&#8221; s a t\u00e9rs\u00e9g tudom\u00e1nyos vil\u00e1ga el\u0151tt \u00e1ll\u00f3 &#8222;k\u00f6z\u00f6s kih\u00edv\u00e1sok&#8221; m\u00e9g intenz\u00edvebb kooper\u00e1ci\u00f3t ig\u00e9nyelnek. A konferenci\u00e1r\u00f3l r\u00e9szletesen az oroszul tud\u00f3k<a href=\"http:\/\/xn--c1arjr.xn--p1ai\/novosti\/mezhdunarodnaya-konferentsiya-v-ramkah-zhan-monne-proekta-po-nauchnoy-politike-obshhee-proshloe-obshhie-vyizovyi\/\"><strong>\u00a0ITT olvashatnak<\/strong><\/a>.<\/p>\n<p>A moszkvai esem\u00e9nyek Moszkva mellett, a fest\u0151i orosz k\u00f6rnyezetben l\u00e9v\u0151 RIAS-kutat\u00f3b\u00e1zison \u00e9rtek v\u00e9get. Az egyidej\u0171leg 12 kutat\u00f3 fogad\u00e1s\u00e1ra alkalmas, kiv\u00e1l\u00f3an felszerelt vend\u00e9gh\u00e1zban szemin\u00e1riumi \u00e9s kutat\u00f3szob\u00e1k, hangulatos, kandall\u00f3s k\u00f6nyvt\u00e1rszoba &#8211; s term\u00e9szetesen ny\u00edrfaliget \u00e9s feny\u0151erd\u0151 v\u00e1rja 3 &#8211; 6 \u00e9s 9 h\u00f3napra \u00e9rkez\u0151 orosz \u00e9s k\u00fclf\u00f6ldi kutat\u00f3kat. A legk\u00f6zelebbi \u00f6szt\u00f6nd\u00edj-p\u00e1ly\u00e1zatr\u00f3l az FTI-iASK honlapja is t\u00e1j\u00e9koztatni fogja az \u00e9rdekl\u0151d\u0151ket.<\/p>\n","protected":false},"excerpt":{"rendered":"<p>A Moszkvai \u00c1llami Pedag\u00f3giai Egyetem Oroszorsz\u00e1gi Fels\u0151bbfok\u00fa Tanulm\u00e1nyok Int\u00e9zete (RIAS) megh\u00edv\u00e1s\u00e1ra 2017. \u00e1prilis 17-20. k\u00f6z\u00f6tt az orosz f\u0151v\u00e1rosban j\u00e1rt\u00a0Miszlivetz Ferenc,\u00a0a k\u0151szegi Fels\u0151bbfok\u00fa Tanulm\u00e1nyok Int\u00e9zet\u00e9nek f\u0151igazgat\u00f3ja,\u00a0Jody Jensen, az FTI Pol\u00e1nyi K\u00f6zpontj\u00e1nak vezet\u0151je \u00e9s\u00a0Csepeli Gy\u00f6rgy\u00a0szociol\u00f3gus, az FTI vezet\u0151 kutat\u00f3ja, hogy r\u00e9szt vegyenek a RIAS \u00e1ltal koordin\u00e1lt tudom\u00e1nypolitikai Jean Monnet projekt nemzetk\u00f6zi konferenci\u00e1n, \u00e9s szak\u00e9rt\u0151k\u00e9nt hozz\u00e1j\u00e1ruljanak a projekt&hellip;<\/p>\n","protected":false},"author":41,"featured_media":7933,"comment_status":"closed","ping_status":"closed","sticky":false,"template":"","format":"standard","meta":{"footnotes":""},"categories":[32,38,238,116],"tags":[],"yoast_head":"<!-- This site is optimized with the Yoast SEO plugin v16.7 - https:\/\/yoast.com\/wordpress\/plugins\/seo\/ -->\n<title>Az FTI-iASK vezet\u0151i Moszkv\u00e1ban a RIAS-n\u00e1l - iASK - Fels\u0151bbfok\u00fa Tanulm\u00e1nyok Int\u00e9zete, K\u0151szeg<\/title>\n<meta name=\"robots\" content=\"index, follow, max-snippet:-1, max-image-preview:large, max-video-preview:-1\" \/>\n<link rel=\"canonical\" href=\"https:\/\/archive.iask.hu\/hu\/az-fti-iask-vezetoi-moszkvaban-a-rias-nal\/\" \/>\n<meta property=\"og:locale\" content=\"hu_HU\" \/>\n<meta property=\"og:type\" content=\"article\" \/>\n<meta property=\"og:title\" content=\"Az FTI-iASK vezet\u0151i Moszkv\u00e1ban a RIAS-n\u00e1l - iASK - Fels\u0151bbfok\u00fa Tanulm\u00e1nyok Int\u00e9zete, K\u0151szeg\" \/>\n<meta property=\"og:description\" content=\"A Moszkvai \u00c1llami Pedag\u00f3giai Egyetem Oroszorsz\u00e1gi Fels\u0151bbfok\u00fa Tanulm\u00e1nyok Int\u00e9zete (RIAS) megh\u00edv\u00e1s\u00e1ra 2017. \u00e1prilis 17-20. k\u00f6z\u00f6tt az orosz f\u0151v\u00e1rosban j\u00e1rt\u00a0Miszlivetz Ferenc,\u00a0a k\u0151szegi Fels\u0151bbfok\u00fa Tanulm\u00e1nyok Int\u00e9zet\u00e9nek f\u0151igazgat\u00f3ja,\u00a0Jody Jensen, az FTI Pol\u00e1nyi K\u00f6zpontj\u00e1nak vezet\u0151je \u00e9s\u00a0Csepeli Gy\u00f6rgy\u00a0szociol\u00f3gus, az FTI vezet\u0151 kutat\u00f3ja, hogy r\u00e9szt vegyenek a RIAS \u00e1ltal koordin\u00e1lt tudom\u00e1nypolitikai Jean Monnet projekt nemzetk\u00f6zi konferenci\u00e1n, \u00e9s szak\u00e9rt\u0151k\u00e9nt hozz\u00e1j\u00e1ruljanak a projekt&hellip;\" \/>\n<meta property=\"og:url\" content=\"https:\/\/archive.iask.hu\/hu\/az-fti-iask-vezetoi-moszkvaban-a-rias-nal\/\" \/>\n<meta property=\"og:site_name\" content=\"iASK - Fels\u0151bbfok\u00fa Tanulm\u00e1nyok Int\u00e9zete, K\u0151szeg\" \/>\n<meta property=\"article:published_time\" content=\"2017-04-20T14:44:44+00:00\" \/>\n<meta property=\"article:modified_time\" content=\"2018-03-22T07:50:43+00:00\" \/>\n<meta property=\"og:image\" content=\"http:\/\/archive.iask.hu\/wp-content\/uploads\/2018\/02\/mf_moscow_logo.png\" \/>\n\t<meta property=\"og:image:width\" content=\"386\" \/>\n\t<meta property=\"og:image:height\" content=\"386\" \/>\n<meta name=\"twitter:card\" content=\"summary_large_image\" \/>\n<meta name=\"twitter:label1\" content=\"Szerz\u0151:\" \/>\n\t<meta name=\"twitter:data1\" content=\"Bal\u00e1zs Heged\u0171s\" \/>\n\t<meta name=\"twitter:label2\" content=\"Becs\u00fclt olvas\u00e1si id\u0151\" \/>\n\t<meta name=\"twitter:data2\" content=\"8 perc\" \/>\n<script type=\"application\/ld+json\" class=\"yoast-schema-graph\">{\"@context\":\"https:\/\/schema.org\",\"@graph\":[{\"@type\":\"WebSite\",\"@id\":\"https:\/\/archive.iask.hu\/en\/#website\",\"url\":\"https:\/\/archive.iask.hu\/en\/\",\"name\":\"iASK - Fels\\u0151bbfok\\u00fa Tanulm\\u00e1nyok Int\\u00e9zete, K\\u0151szeg\",\"description\":\"Az Int\\u00e9zet c\\u00e9lja, hogy egy\\u00fcv\\u00e9 szervezze a szellemileg nyitott, b\\u00e1tor, egym\\u00e1ssal egy\\u00fcttm\\u0171k\\u00f6dni k\\u00edv\\u00e1n\\u00f3, alkot\\u00f3 \\u00e9s gondolkod\\u00f3 szakembereket \\u00e9s tud\\u00f3sokat.\",\"potentialAction\":[{\"@type\":\"SearchAction\",\"target\":{\"@type\":\"EntryPoint\",\"urlTemplate\":\"https:\/\/archive.iask.hu\/en\/?s={search_term_string}\"},\"query-input\":\"required name=search_term_string\"}],\"inLanguage\":\"hu\"},{\"@type\":\"ImageObject\",\"@id\":\"https:\/\/archive.iask.hu\/hu\/az-fti-iask-vezetoi-moszkvaban-a-rias-nal\/#primaryimage\",\"inLanguage\":\"hu\",\"url\":\"https:\/\/archive.iask.hu\/wp-content\/uploads\/2018\/02\/mf_moscow_logo.png\",\"contentUrl\":\"https:\/\/archive.iask.hu\/wp-content\/uploads\/2018\/02\/mf_moscow_logo.png\",\"width\":386,\"height\":386},{\"@type\":\"WebPage\",\"@id\":\"https:\/\/archive.iask.hu\/hu\/az-fti-iask-vezetoi-moszkvaban-a-rias-nal\/#webpage\",\"url\":\"https:\/\/archive.iask.hu\/hu\/az-fti-iask-vezetoi-moszkvaban-a-rias-nal\/\",\"name\":\"Az FTI-iASK vezet\\u0151i Moszkv\\u00e1ban a RIAS-n\\u00e1l - iASK - Fels\\u0151bbfok\\u00fa Tanulm\\u00e1nyok Int\\u00e9zete, K\\u0151szeg\",\"isPartOf\":{\"@id\":\"https:\/\/archive.iask.hu\/en\/#website\"},\"primaryImageOfPage\":{\"@id\":\"https:\/\/archive.iask.hu\/hu\/az-fti-iask-vezetoi-moszkvaban-a-rias-nal\/#primaryimage\"},\"datePublished\":\"2017-04-20T14:44:44+00:00\",\"dateModified\":\"2018-03-22T07:50:43+00:00\",\"author\":{\"@id\":\"https:\/\/archive.iask.hu\/en\/#\/schema\/person\/035fd4e4ffcc592e96119c3d013c8825\"},\"breadcrumb\":{\"@id\":\"https:\/\/archive.iask.hu\/hu\/az-fti-iask-vezetoi-moszkvaban-a-rias-nal\/#breadcrumb\"},\"inLanguage\":\"hu\",\"potentialAction\":[{\"@type\":\"ReadAction\",\"target\":[\"https:\/\/archive.iask.hu\/hu\/az-fti-iask-vezetoi-moszkvaban-a-rias-nal\/\"]}]},{\"@type\":\"BreadcrumbList\",\"@id\":\"https:\/\/archive.iask.hu\/hu\/az-fti-iask-vezetoi-moszkvaban-a-rias-nal\/#breadcrumb\",\"itemListElement\":[{\"@type\":\"ListItem\",\"position\":1,\"name\":\"Home\",\"item\":\"https:\/\/archive.iask.hu\/en\/\"},{\"@type\":\"ListItem\",\"position\":2,\"name\":\"iASK Management\\u2019s Visit at RIAS in Moscow\"}]},{\"@type\":\"Person\",\"@id\":\"https:\/\/archive.iask.hu\/en\/#\/schema\/person\/035fd4e4ffcc592e96119c3d013c8825\",\"name\":\"Bal\\u00e1zs Heged\\u0171s\",\"image\":{\"@type\":\"ImageObject\",\"@id\":\"https:\/\/archive.iask.hu\/en\/#personlogo\",\"inLanguage\":\"hu\",\"url\":\"https:\/\/secure.gravatar.com\/avatar\/08c2d1318b6f018b97088830599c0d78?s=96&d=mm&r=g\",\"contentUrl\":\"https:\/\/secure.gravatar.com\/avatar\/08c2d1318b6f018b97088830599c0d78?s=96&d=mm&r=g\",\"caption\":\"Bal\\u00e1zs Heged\\u0171s\"},\"url\":\"https:\/\/archive.iask.hu\/hu\/author\/balazs-hegedus\/\"}]}<\/script>\n<!-- \/ Yoast SEO plugin. -->","yoast_head_json":{"title":"Az FTI-iASK vezet\u0151i Moszkv\u00e1ban a RIAS-n\u00e1l - iASK - Fels\u0151bbfok\u00fa Tanulm\u00e1nyok Int\u00e9zete, K\u0151szeg","robots":{"index":"index","follow":"follow","max-snippet":"max-snippet:-1","max-image-preview":"max-image-preview:large","max-video-preview":"max-video-preview:-1"},"canonical":"https:\/\/archive.iask.hu\/hu\/az-fti-iask-vezetoi-moszkvaban-a-rias-nal\/","og_locale":"hu_HU","og_type":"article","og_title":"Az FTI-iASK vezet\u0151i Moszkv\u00e1ban a RIAS-n\u00e1l - iASK - Fels\u0151bbfok\u00fa Tanulm\u00e1nyok Int\u00e9zete, K\u0151szeg","og_description":"A Moszkvai \u00c1llami Pedag\u00f3giai Egyetem Oroszorsz\u00e1gi Fels\u0151bbfok\u00fa Tanulm\u00e1nyok Int\u00e9zete (RIAS) megh\u00edv\u00e1s\u00e1ra 2017. \u00e1prilis 17-20. k\u00f6z\u00f6tt az orosz f\u0151v\u00e1rosban j\u00e1rt\u00a0Miszlivetz Ferenc,\u00a0a k\u0151szegi Fels\u0151bbfok\u00fa Tanulm\u00e1nyok Int\u00e9zet\u00e9nek f\u0151igazgat\u00f3ja,\u00a0Jody Jensen, az FTI Pol\u00e1nyi K\u00f6zpontj\u00e1nak vezet\u0151je \u00e9s\u00a0Csepeli Gy\u00f6rgy\u00a0szociol\u00f3gus, az FTI vezet\u0151 kutat\u00f3ja, hogy r\u00e9szt vegyenek a RIAS \u00e1ltal koordin\u00e1lt tudom\u00e1nypolitikai Jean Monnet projekt nemzetk\u00f6zi konferenci\u00e1n, \u00e9s szak\u00e9rt\u0151k\u00e9nt hozz\u00e1j\u00e1ruljanak a projekt&hellip;","og_url":"https:\/\/archive.iask.hu\/hu\/az-fti-iask-vezetoi-moszkvaban-a-rias-nal\/","og_site_name":"iASK - Fels\u0151bbfok\u00fa Tanulm\u00e1nyok Int\u00e9zete, K\u0151szeg","article_published_time":"2017-04-20T14:44:44+00:00","article_modified_time":"2018-03-22T07:50:43+00:00","og_image":[{"width":386,"height":386,"url":"http:\/\/archive.iask.hu\/wp-content\/uploads\/2018\/02\/mf_moscow_logo.png","path":"\/home\/archive\/public_html\/wp-content\/uploads\/2018\/02\/mf_moscow_logo.png","size":"full","id":7933,"alt":"","pixels":148996,"type":"image\/png"}],"twitter_card":"summary_large_image","twitter_misc":{"Szerz\u0151:":"Bal\u00e1zs Heged\u0171s","Becs\u00fclt olvas\u00e1si id\u0151":"8 perc"},"schema":{"@context":"https:\/\/schema.org","@graph":[{"@type":"WebSite","@id":"https:\/\/archive.iask.hu\/en\/#website","url":"https:\/\/archive.iask.hu\/en\/","name":"iASK - Fels\u0151bbfok\u00fa Tanulm\u00e1nyok Int\u00e9zete, K\u0151szeg","description":"Az Int\u00e9zet c\u00e9lja, hogy egy\u00fcv\u00e9 szervezze a szellemileg nyitott, b\u00e1tor, egym\u00e1ssal egy\u00fcttm\u0171k\u00f6dni k\u00edv\u00e1n\u00f3, alkot\u00f3 \u00e9s gondolkod\u00f3 szakembereket \u00e9s tud\u00f3sokat.","potentialAction":[{"@type":"SearchAction","target":{"@type":"EntryPoint","urlTemplate":"https:\/\/archive.iask.hu\/en\/?s={search_term_string}"},"query-input":"required name=search_term_string"}],"inLanguage":"hu"},{"@type":"ImageObject","@id":"https:\/\/archive.iask.hu\/hu\/az-fti-iask-vezetoi-moszkvaban-a-rias-nal\/#primaryimage","inLanguage":"hu","url":"https:\/\/archive.iask.hu\/wp-content\/uploads\/2018\/02\/mf_moscow_logo.png","contentUrl":"https:\/\/archive.iask.hu\/wp-content\/uploads\/2018\/02\/mf_moscow_logo.png","width":386,"height":386},{"@type":"WebPage","@id":"https:\/\/archive.iask.hu\/hu\/az-fti-iask-vezetoi-moszkvaban-a-rias-nal\/#webpage","url":"https:\/\/archive.iask.hu\/hu\/az-fti-iask-vezetoi-moszkvaban-a-rias-nal\/","name":"Az FTI-iASK vezet\u0151i Moszkv\u00e1ban a RIAS-n\u00e1l - iASK - Fels\u0151bbfok\u00fa Tanulm\u00e1nyok Int\u00e9zete, K\u0151szeg","isPartOf":{"@id":"https:\/\/archive.iask.hu\/en\/#website"},"primaryImageOfPage":{"@id":"https:\/\/archive.iask.hu\/hu\/az-fti-iask-vezetoi-moszkvaban-a-rias-nal\/#primaryimage"},"datePublished":"2017-04-20T14:44:44+00:00","dateModified":"2018-03-22T07:50:43+00:00","author":{"@id":"https:\/\/archive.iask.hu\/en\/#\/schema\/person\/035fd4e4ffcc592e96119c3d013c8825"},"breadcrumb":{"@id":"https:\/\/archive.iask.hu\/hu\/az-fti-iask-vezetoi-moszkvaban-a-rias-nal\/#breadcrumb"},"inLanguage":"hu","potentialAction":[{"@type":"ReadAction","target":["https:\/\/archive.iask.hu\/hu\/az-fti-iask-vezetoi-moszkvaban-a-rias-nal\/"]}]},{"@type":"BreadcrumbList","@id":"https:\/\/archive.iask.hu\/hu\/az-fti-iask-vezetoi-moszkvaban-a-rias-nal\/#breadcrumb","itemListElement":[{"@type":"ListItem","position":1,"name":"Home","item":"https:\/\/archive.iask.hu\/en\/"},{"@type":"ListItem","position":2,"name":"iASK Management\u2019s Visit at RIAS in Moscow"}]},{"@type":"Person","@id":"https:\/\/archive.iask.hu\/en\/#\/schema\/person\/035fd4e4ffcc592e96119c3d013c8825","name":"Bal\u00e1zs Heged\u0171s","image":{"@type":"ImageObject","@id":"https:\/\/archive.iask.hu\/en\/#personlogo","inLanguage":"hu","url":"https:\/\/secure.gravatar.com\/avatar\/08c2d1318b6f018b97088830599c0d78?s=96&d=mm&r=g","contentUrl":"https:\/\/secure.gravatar.com\/avatar\/08c2d1318b6f018b97088830599c0d78?s=96&d=mm&r=g","caption":"Bal\u00e1zs Heged\u0171s"},"url":"https:\/\/archive.iask.hu\/hu\/author\/balazs-hegedus\/"}]}},"_links":{"self":[{"href":"https:\/\/archive.iask.hu\/hu\/wp-json\/wp\/v2\/posts\/7932"}],"collection":[{"href":"https:\/\/archive.iask.hu\/hu\/wp-json\/wp\/v2\/posts"}],"about":[{"href":"https:\/\/archive.iask.hu\/hu\/wp-json\/wp\/v2\/types\/post"}],"author":[{"embeddable":true,"href":"https:\/\/archive.iask.hu\/hu\/wp-json\/wp\/v2\/users\/41"}],"replies":[{"embeddable":true,"href":"https:\/\/archive.iask.hu\/hu\/wp-json\/wp\/v2\/comments?post=7932"}],"version-history":[{"count":8,"href":"https:\/\/archive.iask.hu\/hu\/wp-json\/wp\/v2\/posts\/7932\/revisions"}],"predecessor-version":[{"id":8716,"href":"https:\/\/archive.iask.hu\/hu\/wp-json\/wp\/v2\/posts\/7932\/revisions\/8716"}],"wp:featuredmedia":[{"embeddable":true,"href":"https:\/\/archive.iask.hu\/hu\/wp-json\/wp\/v2\/media\/7933"}],"wp:attachment":[{"href":"https:\/\/archive.iask.hu\/hu\/wp-json\/wp\/v2\/media?parent=7932"}],"wp:term":[{"taxonomy":"category","embeddable":true,"href":"https:\/\/archive.iask.hu\/hu\/wp-json\/wp\/v2\/categories?post=7932"},{"taxonomy":"post_tag","embeddable":true,"href":"https:\/\/archive.iask.hu\/hu\/wp-json\/wp\/v2\/tags?post=7932"}],"curies":[{"name":"wp","href":"https:\/\/api.w.org\/{rel}","templated":true}]}}